{"id":896306,"date":"2026-01-28T17:30:09","date_gmt":"2026-01-28T16:30:09","guid":{"rendered":"https:\/\/www.albinfo.ch\/?p=896306"},"modified":"2026-01-28T22:39:25","modified_gmt":"2026-01-28T21:39:25","slug":"laurore-boreale-emerveille-la-suisse-un-spectacle-spectaculaire-dans-le-ciel","status":"publish","type":"post","link":"https:\/\/www.albinfo.at\/fr\/laurore-boreale-emerveille-la-suisse-un-spectacle-spectaculaire-dans-le-ciel\/","title":{"rendered":"L\u2019aurore bor\u00e9ale \u00e9merveille la Suisse, un spectacle spectaculaire dans le ciel"},"content":{"rendered":"<p data-start=\"14\" data-end=\"291\">La nuit derni\u00e8re, le ciel au dessus de la Suisse s\u2019est illumin\u00e9 d\u2019un magnifique spectacle d\u2019aurores bor\u00e9ales. Des lecteurs de Suisse du Nord, de l\u2019Est, du Centre ainsi que du Valais ont envoy\u00e9 des photos impressionnantes montrant ce ph\u00e9nom\u00e8ne naturel rare, rapporte albinfo.ch.<\/p>\n<p data-start=\"293\" data-end=\"519\">Ce ph\u00e9nom\u00e8ne, connu sous le nom d\u2019Aurora Borealis ou lumi\u00e8res du Nord, se produit lorsque des particules charg\u00e9es provenant du Soleil entrent en collision avec l\u2019atmosph\u00e8re terrestre, cr\u00e9ant un spectacle lumineux dans le ciel.<\/p>\n<p data-start=\"521\" data-end=\"933\">Selon Meteo News, les conditions \u00e9taient id\u00e9ales la nuit derni\u00e8re. Une temp\u00eate solaire exceptionnelle, la plus puissante des vingt derni\u00e8res ann\u00e9es, a rendu le ph\u00e9nom\u00e8ne visible jusqu\u2019en Europe centrale, y compris dans les r\u00e9gions de basse altitude en Suisse. Plusieurs \u00e9jections de masse coronale en provenance du Soleil ont frapp\u00e9 le champ magn\u00e9tique de la Terre, illuminant le ciel de couleurs spectaculaires. \/Albinfo.ch.<\/p>\n<p><a href=\"https:\/\/www.blick.ch\/schweiz\/sonnensturm-zauber-bilder-zeigen-polarlichter-ueber-der-schweiz-id21613720.html\">https:\/\/www.blick.ch\/schweiz\/sonnensturm-zauber-bilder-zeigen-polarlichter-ueber-der-schweiz-id21613720.html<\/a><\/p>\n","protected":false},"excerpt":{"rendered":"<p>Une temp\u00eate solaire am\u00e8ne les aurores bor\u00e9ales jusqu\u2019en Suisse<\/p>\n","protected":false},"author":6,"featured_media":896188,"comment_status":"closed","ping_status":"closed","sticky":false,"template":"","format":"standard","meta":{"footnotes":""},"categories":[33431,18826,24630,1170],"tags":[],"vendi":[],"content_country":[],"class_list":["post-896306","post","type-post","status-publish","format-standard","has-post-thumbnail","hentry","category-kuriozitete-fr","category-lajme-jeta-ne-zvicer-fr","category-nouvelles","category-vivre-en-suisse"],"acf":[],"_links":{"self":[{"href":"https:\/\/www.albinfo.at\/fr\/wp-json\/wp\/v2\/posts\/896306","targetHints":{"allow":["GET"]}}],"collection":[{"href":"https:\/\/www.albinfo.at\/fr\/wp-json\/wp\/v2\/posts"}],"about":[{"href":"https:\/\/www.albinfo.at\/fr\/wp-json\/wp\/v2\/types\/post"}],"author":[{"embeddable":true,"href":"https:\/\/www.albinfo.at\/fr\/wp-json\/wp\/v2\/users\/6"}],"replies":[{"embeddable":true,"href":"https:\/\/www.albinfo.at\/fr\/wp-json\/wp\/v2\/comments?post=896306"}],"version-history":[{"count":1,"href":"https:\/\/www.albinfo.at\/fr\/wp-json\/wp\/v2\/posts\/896306\/revisions"}],"predecessor-version":[{"id":896310,"href":"https:\/\/www.albinfo.at\/fr\/wp-json\/wp\/v2\/posts\/896306\/revisions\/896310"}],"wp:featuredmedia":[{"embeddable":true,"href":"https:\/\/www.albinfo.at\/fr\/wp-json\/wp\/v2\/media\/896188"}],"wp:attachment":[{"href":"https:\/\/www.albinfo.at\/fr\/wp-json\/wp\/v2\/media?parent=896306"}],"wp:term":[{"taxonomy":"category","embeddable":true,"href":"https:\/\/www.albinfo.at\/fr\/wp-json\/wp\/v2\/categories?post=896306"},{"taxonomy":"post_tag","embeddable":true,"href":"https:\/\/www.albinfo.at\/fr\/wp-json\/wp\/v2\/tags?post=896306"},{"taxonomy":"vendi","embeddable":true,"href":"https:\/\/www.albinfo.at\/fr\/wp-json\/wp\/v2\/vendi?post=896306"},{"taxonomy":"content_country","embeddable":true,"href":"https:\/\/www.albinfo.at\/fr\/wp-json\/wp\/v2\/content_country?post=896306"}],"curies":[{"name":"wp","href":"https:\/\/api.w.org\/{rel}","templated":true}]}}