{"id":896260,"date":"2026-01-28T14:15:27","date_gmt":"2026-01-28T13:15:27","guid":{"rendered":"https:\/\/www.albinfo.ch\/?p=896260"},"modified":"2026-01-28T20:30:23","modified_gmt":"2026-01-28T19:30:23","slug":"brilant-milazimi-represente-le-kosovo-a-la-biennale-de-venise-2026","status":"publish","type":"post","link":"https:\/\/www.albinfo.at\/fr\/brilant-milazimi-represente-le-kosovo-a-la-biennale-de-venise-2026\/","title":{"rendered":"Brilant Milazimi repr\u00e9sente le Kosovo \u00e0 la Biennale de Venise 2026"},"content":{"rendered":"<p data-start=\"14\" data-end=\"476\">\u00c0 moins de quatre mois de la 61e \u00e9dition de la Biennale internationale d\u2019art de Venise, les pr\u00e9paratifs pour la pr\u00e9sentation de l\u2019art du Kosovo entrent dans leur phase finale. Le pavillon du Kosovo pr\u00e9sentera cette ann\u00e9e, pour la premi\u00e8re fois, une peinture: l\u2019\u0153uvre monumentale de 17 m\u00e8tres &#8220;Dh\u00ebmb\u00eb t\u00eb fort\u00eb&#8221; de l\u2019artiste <span class=\"hover:entity-accent entity-underline inline cursor-pointer align-baseline\"><span class=\"whitespace-normal\">Brilant Milazimi<\/span><\/span>, qui sera install\u00e9e dans l\u2019\u00e9glise baroque <span class=\"hover:entity-accent entity-underline inline cursor-pointer align-baseline\"><span class=\"whitespace-normal\">Chiesa di Santa Maria del Pianto<\/span><\/span>, rapporte albinfo.ch.<\/p>\n<p data-start=\"478\" data-end=\"1186\">Cette \u00e9glise et ancien monast\u00e8re octogonal, construit en 1658 par l\u2019architecte Francesco Contin, se situe face \u00e0 la lagune v\u00e9nitienne et compte parmi les espaces pr\u00e9cieux de l\u2019architecture de Venise. Au fil des si\u00e8cles, le complexe a servi d\u2019\u00e9cole, d\u2019h\u00f4pital, de caserne et d\u2019entrep\u00f4t, avant d\u2019\u00eatre ferm\u00e9 au public et laiss\u00e9 \u00e0 l\u2019abandon pendant des d\u00e9cennies. Aujourd\u2019hui, le b\u00e2timent appartient \u00e0 une entreprise priv\u00e9e et est utilis\u00e9 pour diverses activit\u00e9s ambulatoires, tandis que l\u2019\u00e9glise demeure d\u00e9saffect\u00e9e. Selon la Galerie nationale du Kosovo, la participation de cette ann\u00e9e marque une r\u00e9ouverture rare de cet espace ferm\u00e9, \u00e9voquant des cycles de d\u00e9vouement, d\u2019abandon et d\u2019attente institutionnelle.<\/p>\n<p data-start=\"1188\" data-end=\"1922\">L\u2019exposition de Milazimi, commissari\u00e9e par le Mexicain Jos\u00e9 Esparza Chong Cuy, sera ouverte du 9 mai au 22 novembre. La peinture \u201cDh\u00ebmb\u00eb t\u00eb fort\u00eb\u201d pr\u00e9sente une succession de figures \u00e9troitement align\u00e9es, rappelant le paysage rural du Kosovo et de longues processions humaines, cr\u00e9ant une atmosph\u00e8re de suspension temporelle et de tension \u00e9motionnelle. La couleur rouge domine l\u2019\u0153uvre, tandis que des nuances claires et sombres composent des jeux d\u2019ombre et de lumi\u00e8re qui conf\u00e8rent aux figures une dimension \u00e0 la fois po\u00e9tique et inqui\u00e9tante. L\u2019\u0153uvre refl\u00e8te la tension physique et psychologique d\u2019une longue attente, fa\u00e7onn\u00e9e par des d\u00e9cennies d\u2019incertitude li\u00e9es \u00e0 la transition politique et \u00e0 la reconnaissance contest\u00e9e du Kosovo.<\/p>\n<p data-start=\"1924\" data-end=\"2403\">Selon la Galerie nationale du Kosovo, l\u2019exposition invite les visiteurs \u00e0 vivre l\u2019\u0153uvre de pr\u00e8s, tandis que les figures &#8220;r\u00e9sistent, restent dans l\u2019attente, les dents fermement serr\u00e9es&#8221;, \u00e9tablissant un dialogue avec la situation politique et sociale du pays. &#8220;L\u2019exposition vise \u00e0 susciter de profondes r\u00e9actions \u00e9motionnelles \u00e0 travers une atmosph\u00e8re immersive et une tension silencieuse, refl\u00e9tant des \u00e9tats politiques incertains et des crises mondiales&#8221;, pr\u00e9cise l\u2019argumentaire.<\/p>\n<p data-start=\"2405\" data-end=\"2803\">Milazimi, artiste de la jeune g\u00e9n\u00e9ration originaire de Gjilan, a \u00e9t\u00e9 choisi \u00e0 l\u2019unanimit\u00e9 par un jury international compos\u00e9 d\u2019Inke Arns, Er\u00ebmir\u00eb Krasniqi, Christine Macel, Valentine Umansky et Rein Wolfs. Le jury a salu\u00e9 la clart\u00e9 de sa vision, la puissance de son langage visuel et son engagement envers le m\u00e9dium de la peinture, le d\u00e9signant pour ouvrir un nouveau chapitre du pavillon du Kosovo.<\/p>\n<p data-start=\"2805\" data-end=\"3136\">Le commissaire de l\u2019exposition, Jos\u00e9 Esparza Chong Cuy, est \u00e9crivain, \u00e9diteur et architecte originaire du Mexique. Il a collabor\u00e9 avec des dizaines d\u2019artistes \u00e0 travers le monde et est co\u00e9diteur du prochain ouvrage Empty Plinths: Monuments, Memorials, and Public Sculpture in Mexico, qui para\u00eetra en 2026 chez Harvard Design Press.<\/p>\n<p data-start=\"3138\" data-end=\"3438\">Le Kosovo poursuit ainsi la tradition de la pr\u00e9sentation de sa culture visuelle \u00e0 la <span class=\"hover:entity-accent entity-underline inline cursor-pointer align-baseline\"><span class=\"whitespace-normal\">Biennale de Venise<\/span><\/span>, en utilisant cet espace comme plateforme de dialogue culturel et politique, et en marquant cette ann\u00e9e un chapitre particulier avec la peinture monumentale de Brilant Milazimi.<\/p>\n","protected":false},"excerpt":{"rendered":"<p>Le Kosovo \u00e0 la 61e Biennale de Venise, avec la peinture monumentale de 17 m\u00e8tres \u201cDh\u00ebmb\u00eb t\u00eb fort\u00eb\u201d de Brilant Milazimi expos\u00e9e dans l\u2019\u00e9glise baroque de Santa Maria del Pianto<\/p>\n","protected":false},"author":6,"featured_media":895788,"comment_status":"closed","ping_status":"closed","sticky":false,"template":"","format":"standard","meta":{"footnotes":""},"categories":[34917,24637,1164,24668,1163,1168],"tags":[],"vendi":[],"content_country":[],"class_list":["post-896260","post","type-post","status-publish","format-standard","has-post-thumbnail","hentry","category-autres-fr-5","category-nouvelles-fr-4","category-integration-fr","category-exposition","category-fr-e-diaspora","category-culture"],"acf":[],"_links":{"self":[{"href":"https:\/\/www.albinfo.at\/fr\/wp-json\/wp\/v2\/posts\/896260","targetHints":{"allow":["GET"]}}],"collection":[{"href":"https:\/\/www.albinfo.at\/fr\/wp-json\/wp\/v2\/posts"}],"about":[{"href":"https:\/\/www.albinfo.at\/fr\/wp-json\/wp\/v2\/types\/post"}],"author":[{"embeddable":true,"href":"https:\/\/www.albinfo.at\/fr\/wp-json\/wp\/v2\/users\/6"}],"replies":[{"embeddable":true,"href":"https:\/\/www.albinfo.at\/fr\/wp-json\/wp\/v2\/comments?post=896260"}],"version-history":[{"count":1,"href":"https:\/\/www.albinfo.at\/fr\/wp-json\/wp\/v2\/posts\/896260\/revisions"}],"predecessor-version":[{"id":896261,"href":"https:\/\/www.albinfo.at\/fr\/wp-json\/wp\/v2\/posts\/896260\/revisions\/896261"}],"wp:featuredmedia":[{"embeddable":true,"href":"https:\/\/www.albinfo.at\/fr\/wp-json\/wp\/v2\/media\/895788"}],"wp:attachment":[{"href":"https:\/\/www.albinfo.at\/fr\/wp-json\/wp\/v2\/media?parent=896260"}],"wp:term":[{"taxonomy":"category","embeddable":true,"href":"https:\/\/www.albinfo.at\/fr\/wp-json\/wp\/v2\/categories?post=896260"},{"taxonomy":"post_tag","embeddable":true,"href":"https:\/\/www.albinfo.at\/fr\/wp-json\/wp\/v2\/tags?post=896260"},{"taxonomy":"vendi","embeddable":true,"href":"https:\/\/www.albinfo.at\/fr\/wp-json\/wp\/v2\/vendi?post=896260"},{"taxonomy":"content_country","embeddable":true,"href":"https:\/\/www.albinfo.at\/fr\/wp-json\/wp\/v2\/content_country?post=896260"}],"curies":[{"name":"wp","href":"https:\/\/api.w.org\/{rel}","templated":true}]}}