{"id":896214,"date":"2026-01-28T12:26:32","date_gmt":"2026-01-28T11:26:32","guid":{"rendered":"https:\/\/www.albinfo.ch\/?p=896214"},"modified":"2026-01-28T16:13:09","modified_gmt":"2026-01-28T15:13:09","slug":"une-albanaise-de-la-diaspora-en-route-vers-les-jeux-olympiques-dhiver-2026-avec-le-drapeau-rouge-et-noir","status":"publish","type":"post","link":"https:\/\/www.albinfo.at\/fr\/une-albanaise-de-la-diaspora-en-route-vers-les-jeux-olympiques-dhiver-2026-avec-le-drapeau-rouge-et-noir\/","title":{"rendered":"Une Albanaise de la diaspora en route vers les Jeux olympiques d\u2019hiver 2026 avec le drapeau rouge et noir"},"content":{"rendered":"<p data-start=\"14\" data-end=\"395\"><span class=\"hover:entity-accent entity-underline inline cursor-pointer align-baseline\"><span class=\"whitespace-normal\">Lisa Brunga<\/span><\/span>, la skieuse albanaise qui vit et s\u2019entra\u00eene \u00e0 <span class=\"hover:entity-accent entity-underline inline cursor-pointer align-baseline\"><span class=\"whitespace-normal\">Toronto<\/span><\/span> au <span class=\"hover:entity-accent entity-underline inline cursor-pointer align-baseline\"><span class=\"whitespace-normal\">Canada<\/span><\/span>, se rapproche de plus en plus de la r\u00e9alisation d\u2019un grand r\u00eave: participer aux Jeux olympiques d\u2019hiver <span class=\"hover:entity-accent entity-underline inline cursor-pointer align-baseline\"><span class=\"whitespace-normal\">Milano Cortina 2026<\/span><\/span>, o\u00f9 elle ambitionne de repr\u00e9senter fi\u00e8rement l\u2019Albanie, rapporte albinfo.ch.<\/p>\n<p data-start=\"397\" data-end=\"549\">Les comp\u00e9titions olympiques devraient se tenir le 22 f\u00e9vrier 2026, un moment historique non seulement pour l\u2019athl\u00e8te, mais aussi pour le sport albanais.<\/p>\n<p data-start=\"551\" data-end=\"957\">Avec engagement, discipline et une passion exceptionnelle pour le ski, Lisa Brunga a construit un parcours qui refl\u00e8te le talent et la forte volont\u00e9 des sportifs albanais sur la sc\u00e8ne internationale. Des entra\u00eenements intensifs et un engagement constant l\u2019ont rapproch\u00e9e toujours davantage de son objectif: hisser le drapeau rouge et noir lors de l\u2019un des \u00e9v\u00e9nements sportifs les plus prestigieux au monde.<\/p>\n<p data-start=\"959\" data-end=\"1473\">Au del\u00e0 des r\u00e9sultats sportifs, Brunga s\u2019est \u00e9galement distingu\u00e9e par son engagement en faveur du d\u00e9veloppement du sport en Albanie. En d\u00e9cembre 2023, elle a organis\u00e9 \u00e0 Toronto une soir\u00e9e caritative en soutien \u00e0 la F\u00e9d\u00e9ration albanaise de ski, r\u00e9unissant des membres de la communaut\u00e9 albanaise et des repr\u00e9sentants du monde des affaires. Cette initiative s\u2019est conclue par la remise d\u2019un ch\u00e8que de 15 000 dollars, une contribution importante pour le d\u00e9veloppement du ski et le soutien des jeunes sportifs albanais.<\/p>\n<p data-start=\"1475\" data-end=\"1695\">Lisa Brunga demeure un exemple inspirant de d\u00e9vouement, de solidarit\u00e9 et d\u2019amour pour la patrie, d\u00e9montrant que le succ\u00e8s personnel peut aussi se transformer en un soutien concret pour la communaut\u00e9 et le sport albanais.\/Albinfo.ch<\/p>\n<p><img loading=\"lazy\" decoding=\"async\" class=\"alignnone wp-image-895779\" src=\"https:\/\/www.albinfo.ch\/wp-content\/uploads\/2026\/01\/img_6581.jpeg\" alt=\"\" width=\"500\" height=\"500\" srcset=\"https:\/\/www.albinfo.at\/wp-content\/uploads\/2026\/01\/img_6581.jpeg 960w, https:\/\/www.albinfo.at\/wp-content\/uploads\/2026\/01\/img_6581-300x300.jpeg 300w, https:\/\/www.albinfo.at\/wp-content\/uploads\/2026\/01\/img_6581-150x150.jpeg 150w, https:\/\/www.albinfo.at\/wp-content\/uploads\/2026\/01\/img_6581-768x768.jpeg 768w, https:\/\/www.albinfo.at\/wp-content\/uploads\/2026\/01\/img_6581-396x396.jpeg 396w, https:\/\/www.albinfo.at\/wp-content\/uploads\/2026\/01\/img_6581-280x280.jpeg 280w, https:\/\/www.albinfo.at\/wp-content\/uploads\/2026\/01\/img_6581-100x100.jpeg 100w, https:\/\/www.albinfo.at\/wp-content\/uploads\/2026\/01\/img_6581-175x175.jpeg 175w\" sizes=\"auto, (max-width: 500px) 100vw, 500px\" \/><\/p>\n","protected":false},"excerpt":{"rendered":"<p>De Toronto \u00e0 Milano Cortina: l\u2019Albanaise Lisa Brunga vise les Jeux olympiques d\u2019hiver 2026<\/p>\n","protected":false},"author":6,"featured_media":895783,"comment_status":"closed","ping_status":"closed","sticky":false,"template":"","format":"standard","meta":{"footnotes":""},"categories":[24637,24669,24630,24671,1163,1169],"tags":[],"vendi":[],"content_country":[],"class_list":["post-896214","post","type-post","status-publish","format-standard","has-post-thumbnail","hentry","category-nouvelles-fr-4","category-arts-martiaux","category-nouvelles","category-football","category-fr-e-diaspora","category-sport-fr"],"acf":[],"_links":{"self":[{"href":"https:\/\/www.albinfo.at\/fr\/wp-json\/wp\/v2\/posts\/896214","targetHints":{"allow":["GET"]}}],"collection":[{"href":"https:\/\/www.albinfo.at\/fr\/wp-json\/wp\/v2\/posts"}],"about":[{"href":"https:\/\/www.albinfo.at\/fr\/wp-json\/wp\/v2\/types\/post"}],"author":[{"embeddable":true,"href":"https:\/\/www.albinfo.at\/fr\/wp-json\/wp\/v2\/users\/6"}],"replies":[{"embeddable":true,"href":"https:\/\/www.albinfo.at\/fr\/wp-json\/wp\/v2\/comments?post=896214"}],"version-history":[{"count":1,"href":"https:\/\/www.albinfo.at\/fr\/wp-json\/wp\/v2\/posts\/896214\/revisions"}],"predecessor-version":[{"id":896215,"href":"https:\/\/www.albinfo.at\/fr\/wp-json\/wp\/v2\/posts\/896214\/revisions\/896215"}],"wp:featuredmedia":[{"embeddable":true,"href":"https:\/\/www.albinfo.at\/fr\/wp-json\/wp\/v2\/media\/895783"}],"wp:attachment":[{"href":"https:\/\/www.albinfo.at\/fr\/wp-json\/wp\/v2\/media?parent=896214"}],"wp:term":[{"taxonomy":"category","embeddable":true,"href":"https:\/\/www.albinfo.at\/fr\/wp-json\/wp\/v2\/categories?post=896214"},{"taxonomy":"post_tag","embeddable":true,"href":"https:\/\/www.albinfo.at\/fr\/wp-json\/wp\/v2\/tags?post=896214"},{"taxonomy":"vendi","embeddable":true,"href":"https:\/\/www.albinfo.at\/fr\/wp-json\/wp\/v2\/vendi?post=896214"},{"taxonomy":"content_country","embeddable":true,"href":"https:\/\/www.albinfo.at\/fr\/wp-json\/wp\/v2\/content_country?post=896214"}],"curies":[{"name":"wp","href":"https:\/\/api.w.org\/{rel}","templated":true}]}}