{"id":896057,"date":"2026-01-27T20:00:05","date_gmt":"2026-01-27T19:00:05","guid":{"rendered":"https:\/\/www.albinfo.ch\/?p=896057"},"modified":"2026-01-28T00:01:46","modified_gmt":"2026-01-27T23:01:46","slug":"trojet-concert-a-winterthour-pour-la-journee-de-lindependance-du-kosovo","status":"publish","type":"post","link":"https:\/\/www.albinfo.at\/fr\/trojet-concert-a-winterthour-pour-la-journee-de-lindependance-du-kosovo\/","title":{"rendered":"&#8220;Trojet&#8221;, concert \u00e0 Winterthour pour la Journ\u00e9e de l\u2019Ind\u00e9pendance du Kosovo"},"content":{"rendered":"<p data-start=\"14\" data-end=\"353\">L\u2019ensemble <span class=\"hover:entity-accent entity-underline inline cursor-pointer align-baseline\"><span class=\"whitespace-normal\">Trojet<\/span><\/span> de Winterthour organise un concert sp\u00e9cial d\u00e9di\u00e9 \u00e0 la Journ\u00e9e de l\u2019Ind\u00e9pendance du Kosovo. En plus de la musique et des danses traditionnelles, des plats typiques seront \u00e9galement propos\u00e9s. Tout le monde est invit\u00e9 \u00e0 se joindre \u00e0 cette c\u00e9l\u00e9bration de notre culture et de notre ind\u00e9pendance.<\/p>\n<p data-start=\"355\" data-end=\"435\">Le concert aura lieu le 14 f\u00e9vrier 2026 \u00e0 <span class=\"hover:entity-accent entity-underline inline cursor-pointer align-baseline\"><span class=\"whitespace-normal\">Winterthur<\/span><\/span>.<\/p>\n<p data-start=\"437\" data-end=\"504\">Programme<br data-start=\"446\" data-end=\"449\" \/>18:30 ouverture des portes<br data-start=\"475\" data-end=\"478\" \/>19:00 d\u00e9but du programme<\/p>\n<p data-start=\"506\" data-end=\"576\">Adresse<br data-start=\"513\" data-end=\"516\" \/>Hotel Zentrum T\u00f6ss<br data-start=\"534\" data-end=\"537\" \/>Z\u00fcrcherstrasse 106<br data-start=\"555\" data-end=\"558\" \/>8406 Winterthour<\/p>\n<p><a href=\"https:\/\/www.albinfo.ch\/wp-content\/uploads\/2026\/01\/8bce1d09-fb6b-4896-b050-cd3a3ed4c8a3.jpg\"><img loading=\"lazy\" decoding=\"async\" class=\"alignnone wp-image-895932\" src=\"https:\/\/www.albinfo.ch\/wp-content\/uploads\/2026\/01\/8bce1d09-fb6b-4896-b050-cd3a3ed4c8a3.jpg\" alt=\"\" width=\"428\" height=\"601\" srcset=\"https:\/\/www.albinfo.at\/wp-content\/uploads\/2026\/01\/8bce1d09-fb6b-4896-b050-cd3a3ed4c8a3.jpg 1179w, https:\/\/www.albinfo.at\/wp-content\/uploads\/2026\/01\/8bce1d09-fb6b-4896-b050-cd3a3ed4c8a3-214x300.jpg 214w, https:\/\/www.albinfo.at\/wp-content\/uploads\/2026\/01\/8bce1d09-fb6b-4896-b050-cd3a3ed4c8a3-729x1024.jpg 729w, https:\/\/www.albinfo.at\/wp-content\/uploads\/2026\/01\/8bce1d09-fb6b-4896-b050-cd3a3ed4c8a3-768x1078.jpg 768w, https:\/\/www.albinfo.at\/wp-content\/uploads\/2026\/01\/8bce1d09-fb6b-4896-b050-cd3a3ed4c8a3-1094x1536.jpg 1094w, https:\/\/www.albinfo.at\/wp-content\/uploads\/2026\/01\/8bce1d09-fb6b-4896-b050-cd3a3ed4c8a3-282x396.jpg 282w, https:\/\/www.albinfo.at\/wp-content\/uploads\/2026\/01\/8bce1d09-fb6b-4896-b050-cd3a3ed4c8a3-71x100.jpg 71w, https:\/\/www.albinfo.at\/wp-content\/uploads\/2026\/01\/8bce1d09-fb6b-4896-b050-cd3a3ed4c8a3-125x175.jpg 125w\" sizes=\"auto, (max-width: 428px) 100vw, 428px\" \/><\/a><\/p>\n","protected":false},"excerpt":{"rendered":"<p>L\u2019ensemble Trojet de Winterthour organise un concert sp\u00e9cial d\u00e9di\u00e9 \u00e0 la Journ\u00e9e de l\u2019Ind\u00e9pendance du Kosovo. En plus de la musique et des danses traditionnelles, des plats typiques seront \u00e9galement propos\u00e9s. Tout le monde est invit\u00e9 \u00e0 se joindre \u00e0 cette c\u00e9l\u00e9bration de notre culture et de notre ind\u00e9pendance. Le concert aura lieu le 14 [&hellip;]<\/p>\n","protected":false},"author":6,"featured_media":895936,"comment_status":"closed","ping_status":"closed","sticky":false,"template":"","format":"standard","meta":{"footnotes":""},"categories":[34928,24630],"tags":[],"vendi":[],"content_country":[],"class_list":["post-896057","post","type-post","status-publish","format-standard","has-post-thumbnail","hentry","category-calendrier","category-nouvelles"],"acf":[],"_links":{"self":[{"href":"https:\/\/www.albinfo.at\/fr\/wp-json\/wp\/v2\/posts\/896057","targetHints":{"allow":["GET"]}}],"collection":[{"href":"https:\/\/www.albinfo.at\/fr\/wp-json\/wp\/v2\/posts"}],"about":[{"href":"https:\/\/www.albinfo.at\/fr\/wp-json\/wp\/v2\/types\/post"}],"author":[{"embeddable":true,"href":"https:\/\/www.albinfo.at\/fr\/wp-json\/wp\/v2\/users\/6"}],"replies":[{"embeddable":true,"href":"https:\/\/www.albinfo.at\/fr\/wp-json\/wp\/v2\/comments?post=896057"}],"version-history":[{"count":1,"href":"https:\/\/www.albinfo.at\/fr\/wp-json\/wp\/v2\/posts\/896057\/revisions"}],"predecessor-version":[{"id":896058,"href":"https:\/\/www.albinfo.at\/fr\/wp-json\/wp\/v2\/posts\/896057\/revisions\/896058"}],"wp:featuredmedia":[{"embeddable":true,"href":"https:\/\/www.albinfo.at\/fr\/wp-json\/wp\/v2\/media\/895936"}],"wp:attachment":[{"href":"https:\/\/www.albinfo.at\/fr\/wp-json\/wp\/v2\/media?parent=896057"}],"wp:term":[{"taxonomy":"category","embeddable":true,"href":"https:\/\/www.albinfo.at\/fr\/wp-json\/wp\/v2\/categories?post=896057"},{"taxonomy":"post_tag","embeddable":true,"href":"https:\/\/www.albinfo.at\/fr\/wp-json\/wp\/v2\/tags?post=896057"},{"taxonomy":"vendi","embeddable":true,"href":"https:\/\/www.albinfo.at\/fr\/wp-json\/wp\/v2\/vendi?post=896057"},{"taxonomy":"content_country","embeddable":true,"href":"https:\/\/www.albinfo.at\/fr\/wp-json\/wp\/v2\/content_country?post=896057"}],"curies":[{"name":"wp","href":"https:\/\/api.w.org\/{rel}","templated":true}]}}