{"id":896049,"date":"2026-01-27T19:25:45","date_gmt":"2026-01-27T18:25:45","guid":{"rendered":"https:\/\/www.albinfo.ch\/?p=896049"},"modified":"2026-01-27T23:37:09","modified_gmt":"2026-01-27T22:37:09","slug":"marigona-sun-votre-maison-de-luxe-au-kosovo","status":"publish","type":"post","link":"https:\/\/www.albinfo.at\/fr\/marigona-sun-votre-maison-de-luxe-au-kosovo\/","title":{"rendered":"Marigona Sun: votre maison de luxe au Kosovo"},"content":{"rendered":"<p data-start=\"14\" data-end=\"61\"><strong>Innovation et luxe en harmonie avec la nature<\/strong><\/p>\n<p data-start=\"63\" data-end=\"330\">Marigona Sun repr\u00e9sente un d\u00e9veloppement urbain unique au Kosovo, qui red\u00e9finit le mode de vie moderne. Ce projet est une preuve claire d\u2019innovation, d\u2019engagement et d\u2019une vision visant \u00e0 \u00e9tablir de nouveaux standards dans l\u2019architecture et l\u2019urbanisme contemporains.<\/p>\n<p><a href=\"https:\/\/www.albinfo.ch\/wp-content\/uploads\/2026\/01\/a2-l-scaled.png\"><img loading=\"lazy\" decoding=\"async\" class=\"alignnone size-large wp-image-895925\" src=\"https:\/\/www.albinfo.ch\/wp-content\/uploads\/2026\/01\/a2-l-1024x576.png\" alt=\"\" width=\"640\" height=\"360\" srcset=\"https:\/\/www.albinfo.at\/wp-content\/uploads\/2026\/01\/a2-l-1024x576.png 1024w, https:\/\/www.albinfo.at\/wp-content\/uploads\/2026\/01\/a2-l-300x169.png 300w, https:\/\/www.albinfo.at\/wp-content\/uploads\/2026\/01\/a2-l-768x432.png 768w, https:\/\/www.albinfo.at\/wp-content\/uploads\/2026\/01\/a2-l-1536x864.png 1536w, https:\/\/www.albinfo.at\/wp-content\/uploads\/2026\/01\/a2-l-2048x1152.png 2048w, https:\/\/www.albinfo.at\/wp-content\/uploads\/2026\/01\/a2-l-182x101.png 182w, https:\/\/www.albinfo.at\/wp-content\/uploads\/2026\/01\/a2-l-790x443.png 790w, https:\/\/www.albinfo.at\/wp-content\/uploads\/2026\/01\/a2-l-587x330.png 587w, https:\/\/www.albinfo.at\/wp-content\/uploads\/2026\/01\/a2-l-178x100.png 178w, https:\/\/www.albinfo.at\/wp-content\/uploads\/2026\/01\/a2-l-265x149.png 265w\" sizes=\"auto, (max-width: 640px) 100vw, 640px\" \/><\/a><\/p>\n<p data-start=\"14\" data-end=\"167\">Il s\u2019impose comme un exemple de planification authentique, o\u00f9 l\u2019harmonie entre le design moderne et la nature environnante se refl\u00e8te dans chaque d\u00e9tail.<\/p>\n<p data-start=\"169\" data-end=\"347\">Les maisons remarquables de ce complexe sont con\u00e7ues avec un soin particulier, telles des \u0153uvres sculpturales, fa\u00e7onn\u00e9es dans un terrain complexe et int\u00e9gr\u00e9es au paysage naturel.<\/p>\n<p data-start=\"349\" data-end=\"531\">La livraison des premi\u00e8res propri\u00e9t\u00e9s aux futurs r\u00e9sidents d\u00e9butera en 2027, marquant le commencement d\u2019une nouvelle \u00e9tape de vie \u00e9l\u00e9gante \u00e0 Pristina, au sein du projet Marigona Sun.<\/p>\n<p><a href=\"https:\/\/www.albinfo.ch\/wp-content\/uploads\/2026\/01\/d2-b-scaled.png\"><img loading=\"lazy\" decoding=\"async\" class=\"alignnone size-large wp-image-895910\" src=\"https:\/\/www.albinfo.ch\/wp-content\/uploads\/2026\/01\/d2-b-1024x1024.png\" alt=\"\" width=\"640\" height=\"640\" srcset=\"https:\/\/www.albinfo.at\/wp-content\/uploads\/2026\/01\/d2-b-1024x1024.png 1024w, https:\/\/www.albinfo.at\/wp-content\/uploads\/2026\/01\/d2-b-300x300.png 300w, https:\/\/www.albinfo.at\/wp-content\/uploads\/2026\/01\/d2-b-150x150.png 150w, https:\/\/www.albinfo.at\/wp-content\/uploads\/2026\/01\/d2-b-768x768.png 768w, https:\/\/www.albinfo.at\/wp-content\/uploads\/2026\/01\/d2-b-1536x1536.png 1536w, https:\/\/www.albinfo.at\/wp-content\/uploads\/2026\/01\/d2-b-2048x2048.png 2048w, https:\/\/www.albinfo.at\/wp-content\/uploads\/2026\/01\/d2-b-396x396.png 396w, https:\/\/www.albinfo.at\/wp-content\/uploads\/2026\/01\/d2-b-280x280.png 280w, https:\/\/www.albinfo.at\/wp-content\/uploads\/2026\/01\/d2-b-100x100.png 100w, https:\/\/www.albinfo.at\/wp-content\/uploads\/2026\/01\/d2-b-175x175.png 175w\" sizes=\"auto, (max-width: 640px) 100vw, 640px\" \/><\/a><\/p>\n<p data-start=\"14\" data-end=\"61\"><strong>Architecture moderne et vie en toute s\u00e9curit\u00e9<\/strong><\/p>\n<p data-start=\"63\" data-end=\"187\">Marigona Sun est con\u00e7u comme un quartier r\u00e9sidentiel ferm\u00e9, comprenant 157 maisons r\u00e9parties en sept typologies diff\u00e9rentes.<\/p>\n<p data-start=\"189\" data-end=\"382\">La s\u00e9curit\u00e9 et la confidentialit\u00e9 constituent des \u00e9l\u00e9ments essentiels du concept, garanties par des syst\u00e8mes de s\u00e9curit\u00e9 avanc\u00e9s et des points de contr\u00f4le \u00e0 chaque entr\u00e9e et sortie du quartier.<\/p>\n<p><a href=\"https:\/\/www.albinfo.ch\/wp-content\/uploads\/2026\/01\/d1_image-7-scaled.png\"><img loading=\"lazy\" decoding=\"async\" class=\"alignnone size-large wp-image-895922\" src=\"https:\/\/www.albinfo.ch\/wp-content\/uploads\/2026\/01\/d1_image-7-1024x1024.png\" alt=\"\" width=\"640\" height=\"640\" srcset=\"https:\/\/www.albinfo.at\/wp-content\/uploads\/2026\/01\/d1_image-7-1024x1024.png 1024w, https:\/\/www.albinfo.at\/wp-content\/uploads\/2026\/01\/d1_image-7-300x300.png 300w, https:\/\/www.albinfo.at\/wp-content\/uploads\/2026\/01\/d1_image-7-150x150.png 150w, https:\/\/www.albinfo.at\/wp-content\/uploads\/2026\/01\/d1_image-7-768x768.png 768w, https:\/\/www.albinfo.at\/wp-content\/uploads\/2026\/01\/d1_image-7-1536x1536.png 1536w, https:\/\/www.albinfo.at\/wp-content\/uploads\/2026\/01\/d1_image-7-2048x2048.png 2048w, https:\/\/www.albinfo.at\/wp-content\/uploads\/2026\/01\/d1_image-7-396x396.png 396w, https:\/\/www.albinfo.at\/wp-content\/uploads\/2026\/01\/d1_image-7-280x280.png 280w, https:\/\/www.albinfo.at\/wp-content\/uploads\/2026\/01\/d1_image-7-100x100.png 100w, https:\/\/www.albinfo.at\/wp-content\/uploads\/2026\/01\/d1_image-7-175x175.png 175w\" sizes=\"auto, (max-width: 640px) 100vw, 640px\" \/><\/a><\/p>\n<p>Les maisons varient en superficie de 318 m\u00b2 \u00e0 870 m\u00b2 et offrent une exp\u00e9rience de vie unique. De style minimaliste et au design ultra moderne, chacune se distingue par une abondante lumi\u00e8re naturelle, de vastes espaces de vie avec cuisine int\u00e9gr\u00e9e, des galeries reliant tous les niveaux de la maison, des suites parentales avec salles de bains privatives, des espaces d\u00e9di\u00e9s au bureau, au spa et \u00e0 la d\u00e9tente, ainsi que des terrasses et des jardins avec piscines priv\u00e9es au sein du projet Marigona Sun.<\/p>\n<p><strong><a href=\"https:\/\/www.albinfo.ch\/wp-content\/uploads\/2026\/01\/masterplan-1.2-scaled.png\"><img loading=\"lazy\" decoding=\"async\" class=\"alignnone size-large wp-image-895913\" src=\"https:\/\/www.albinfo.ch\/wp-content\/uploads\/2026\/01\/masterplan-1.2-1024x480.png\" alt=\"\" width=\"640\" height=\"300\" srcset=\"https:\/\/www.albinfo.at\/wp-content\/uploads\/2026\/01\/masterplan-1.2-1024x480.png 1024w, https:\/\/www.albinfo.at\/wp-content\/uploads\/2026\/01\/masterplan-1.2-300x141.png 300w, https:\/\/www.albinfo.at\/wp-content\/uploads\/2026\/01\/masterplan-1.2-768x360.png 768w, https:\/\/www.albinfo.at\/wp-content\/uploads\/2026\/01\/masterplan-1.2-1536x720.png 1536w, https:\/\/www.albinfo.at\/wp-content\/uploads\/2026\/01\/masterplan-1.2-2048x960.png 2048w, https:\/\/www.albinfo.at\/wp-content\/uploads\/2026\/01\/masterplan-1.2-587x275.png 587w, https:\/\/www.albinfo.at\/wp-content\/uploads\/2026\/01\/masterplan-1.2-180x84.png 180w, https:\/\/www.albinfo.at\/wp-content\/uploads\/2026\/01\/masterplan-1.2-265x124.png 265w\" sizes=\"auto, (max-width: 640px) 100vw, 640px\" \/><\/a><\/strong><\/p>\n<p data-start=\"14\" data-end=\"60\"><strong>Emplacement strat\u00e9gique et vues panoramiques<\/strong><\/p>\n<p data-start=\"62\" data-end=\"319\">Situ\u00e9 entre les collines pittoresques de Pristina, \u00e0 une altitude de 801 m\u00e8tres, le point de construction le plus \u00e9lev\u00e9 de la capitale, Marigona Sun se trouve \u00e0 seulement un kilom\u00e8tre de Marigona Hill, offrant un haut niveau de sophistication et d\u2019\u00e9l\u00e9gance.<\/p>\n<p data-start=\"321\" data-end=\"506\">Les futurs r\u00e9sidents b\u00e9n\u00e9ficieront \u00e9galement de l\u2019air pur provenant du parc de G\u00ebrmia et du lac de Badovc, ainsi que de vues panoramiques sur la capitale et les montagnes environnantes.<\/p>\n<p><strong><a href=\"https:\/\/www.albinfo.ch\/wp-content\/uploads\/2026\/01\/d1_image-3-scaled.png\"><img loading=\"lazy\" decoding=\"async\" class=\"alignnone size-large wp-image-895916\" src=\"https:\/\/www.albinfo.ch\/wp-content\/uploads\/2026\/01\/d1_image-3-1024x576.png\" alt=\"\" width=\"640\" height=\"360\" srcset=\"https:\/\/www.albinfo.at\/wp-content\/uploads\/2026\/01\/d1_image-3-1024x576.png 1024w, https:\/\/www.albinfo.at\/wp-content\/uploads\/2026\/01\/d1_image-3-300x169.png 300w, https:\/\/www.albinfo.at\/wp-content\/uploads\/2026\/01\/d1_image-3-768x432.png 768w, https:\/\/www.albinfo.at\/wp-content\/uploads\/2026\/01\/d1_image-3-1536x864.png 1536w, https:\/\/www.albinfo.at\/wp-content\/uploads\/2026\/01\/d1_image-3-2048x1152.png 2048w, https:\/\/www.albinfo.at\/wp-content\/uploads\/2026\/01\/d1_image-3-182x101.png 182w, https:\/\/www.albinfo.at\/wp-content\/uploads\/2026\/01\/d1_image-3-790x443.png 790w, https:\/\/www.albinfo.at\/wp-content\/uploads\/2026\/01\/d1_image-3-587x330.png 587w, https:\/\/www.albinfo.at\/wp-content\/uploads\/2026\/01\/d1_image-3-178x100.png 178w, https:\/\/www.albinfo.at\/wp-content\/uploads\/2026\/01\/d1_image-3-265x149.png 265w\" sizes=\"auto, (max-width: 640px) 100vw, 640px\" \/><\/a><\/strong><\/p>\n<p data-start=\"14\" data-end=\"68\"><strong>Un oasis de tranquillit\u00e9 avec des services exclusifs<\/strong><\/p>\n<p data-start=\"70\" data-end=\"214\">Con\u00e7u pour une communaut\u00e9 calme et sophistiqu\u00e9e, Marigona Sun proposera une gamme de services r\u00e9serv\u00e9s exclusivement \u00e0 ses r\u00e9sidents, notamment:<\/p>\n<p data-start=\"216\" data-end=\"403\">Piscine et spa modernes<br data-start=\"239\" data-end=\"242\" \/>Terrain de sport multifonctionnel<br data-start=\"275\" data-end=\"278\" \/>Centre de fitness contemporain<br data-start=\"308\" data-end=\"311\" \/>Centre communautaire<br data-start=\"331\" data-end=\"334\" \/>Point de contr\u00f4le \u00e0 l\u2019entr\u00e9e du quartier pour une s\u00e9curit\u00e9 garantie<\/p>\n<p><a href=\"https:\/\/www.albinfo.ch\/wp-content\/uploads\/2026\/01\/d2-695-living.png\"><img loading=\"lazy\" decoding=\"async\" class=\"alignnone size-large wp-image-895919\" src=\"https:\/\/www.albinfo.ch\/wp-content\/uploads\/2026\/01\/d2-695-living-1024x576.png\" alt=\"\" width=\"640\" height=\"360\" srcset=\"https:\/\/www.albinfo.at\/wp-content\/uploads\/2026\/01\/d2-695-living-1024x576.png 1024w, https:\/\/www.albinfo.at\/wp-content\/uploads\/2026\/01\/d2-695-living-300x169.png 300w, https:\/\/www.albinfo.at\/wp-content\/uploads\/2026\/01\/d2-695-living-768x432.png 768w, https:\/\/www.albinfo.at\/wp-content\/uploads\/2026\/01\/d2-695-living-1536x864.png 1536w, https:\/\/www.albinfo.at\/wp-content\/uploads\/2026\/01\/d2-695-living-182x101.png 182w, https:\/\/www.albinfo.at\/wp-content\/uploads\/2026\/01\/d2-695-living-790x443.png 790w, https:\/\/www.albinfo.at\/wp-content\/uploads\/2026\/01\/d2-695-living-587x330.png 587w, https:\/\/www.albinfo.at\/wp-content\/uploads\/2026\/01\/d2-695-living-178x100.png 178w, https:\/\/www.albinfo.at\/wp-content\/uploads\/2026\/01\/d2-695-living-265x149.png 265w, https:\/\/www.albinfo.at\/wp-content\/uploads\/2026\/01\/d2-695-living.png 2048w\" sizes=\"auto, (max-width: 640px) 100vw, 640px\" \/><\/a><\/p>\n<p data-start=\"14\" data-end=\"192\">Pour plus d\u2019informations sur le projet ou pour fixer un rendez vous personnalis\u00e9, nous vous invitons \u00e0 nous contacter au +383 48 226 111 ou \u00e0 visiter le showroom \u00e0 Marigona Hill.<\/p>\n<p data-start=\"194\" data-end=\"238\"><strong>Marigona Sun, une vie d\u2019\u00e9l\u00e9gance permanente.<\/strong><\/p>\n<p><iframe loading=\"lazy\" style=\"border: none; overflow: hidden;\" src=\"https:\/\/www.facebook.com\/plugins\/video.php?height=314&amp;href=https%3A%2F%2Fwww.facebook.com%2Freel%2F1444879393652757%2F&amp;show_text=false&amp;width=560&amp;t=0\" width=\"560\" height=\"314\" frameborder=\"0\" scrolling=\"no\" allowfullscreen=\"allowfullscreen\" data-mce-fragment=\"1\"><\/iframe><\/p>\n","protected":false},"excerpt":{"rendered":"<p>Innovation et luxe en harmonie avec la nature Marigona Sun repr\u00e9sente un d\u00e9veloppement urbain unique au Kosovo, qui red\u00e9finit le mode de vie moderne. Ce projet est une preuve claire d\u2019innovation, d\u2019engagement et d\u2019une vision visant \u00e0 \u00e9tablir de nouveaux standards dans l\u2019architecture et l\u2019urbanisme contemporains. Il s\u2019impose comme un exemple de planification authentique, o\u00f9 [&hellip;]<\/p>\n","protected":false},"author":6,"featured_media":895908,"comment_status":"closed","ping_status":"closed","sticky":false,"template":"","format":"standard","meta":{"footnotes":""},"categories":[33083,34916,34925,23271,1160,3949,23277,23270,24620,24634,1159,1170],"tags":[],"vendi":[],"content_country":[],"class_list":["post-896049","post","type-post","status-publish","format-standard","has-post-thumbnail","hentry","category-de-balkani-fr","category-marketing-jeta-ne-zvicer-fr","category-portraits-dentreprises","category-kosovo","category-actuel","category-kosova-fr","category-news-fr","category-at-balkani-fr","category-kosova-fr-2","category-nouvelles-fr-3","category-ch-balkans","category-vivre-en-suisse"],"acf":[],"_links":{"self":[{"href":"https:\/\/www.albinfo.at\/fr\/wp-json\/wp\/v2\/posts\/896049","targetHints":{"allow":["GET"]}}],"collection":[{"href":"https:\/\/www.albinfo.at\/fr\/wp-json\/wp\/v2\/posts"}],"about":[{"href":"https:\/\/www.albinfo.at\/fr\/wp-json\/wp\/v2\/types\/post"}],"author":[{"embeddable":true,"href":"https:\/\/www.albinfo.at\/fr\/wp-json\/wp\/v2\/users\/6"}],"replies":[{"embeddable":true,"href":"https:\/\/www.albinfo.at\/fr\/wp-json\/wp\/v2\/comments?post=896049"}],"version-history":[{"count":1,"href":"https:\/\/www.albinfo.at\/fr\/wp-json\/wp\/v2\/posts\/896049\/revisions"}],"predecessor-version":[{"id":896050,"href":"https:\/\/www.albinfo.at\/fr\/wp-json\/wp\/v2\/posts\/896049\/revisions\/896050"}],"wp:featuredmedia":[{"embeddable":true,"href":"https:\/\/www.albinfo.at\/fr\/wp-json\/wp\/v2\/media\/895908"}],"wp:attachment":[{"href":"https:\/\/www.albinfo.at\/fr\/wp-json\/wp\/v2\/media?parent=896049"}],"wp:term":[{"taxonomy":"category","embeddable":true,"href":"https:\/\/www.albinfo.at\/fr\/wp-json\/wp\/v2\/categories?post=896049"},{"taxonomy":"post_tag","embeddable":true,"href":"https:\/\/www.albinfo.at\/fr\/wp-json\/wp\/v2\/tags?post=896049"},{"taxonomy":"vendi","embeddable":true,"href":"https:\/\/www.albinfo.at\/fr\/wp-json\/wp\/v2\/vendi?post=896049"},{"taxonomy":"content_country","embeddable":true,"href":"https:\/\/www.albinfo.at\/fr\/wp-json\/wp\/v2\/content_country?post=896049"}],"curies":[{"name":"wp","href":"https:\/\/api.w.org\/{rel}","templated":true}]}}