{"id":896028,"date":"2026-01-27T14:12:39","date_gmt":"2026-01-27T13:12:39","guid":{"rendered":"https:\/\/www.albinfo.ch\/?p=896028"},"modified":"2026-01-27T22:36:45","modified_gmt":"2026-01-27T21:36:45","slug":"la-legende-de-la-suisse-prend-les-renes-du-fc-basel","status":"publish","type":"post","link":"https:\/\/www.albinfo.at\/fr\/la-legende-de-la-suisse-prend-les-renes-du-fc-basel\/","title":{"rendered":"La l\u00e9gende de la Suisse prend les r\u00eanes du FC Basel"},"content":{"rendered":"<p data-start=\"14\" data-end=\"306\">La l\u00e9gende du football suisse, <span class=\"hover:entity-accent entity-underline inline cursor-pointer align-baseline\"><span class=\"whitespace-normal\">Stephan Lichtsteiner<\/span><\/span>, a \u00e9t\u00e9 nomm\u00e9 nouvel entra\u00eeneur du <span class=\"hover:entity-accent entity-underline inline cursor-pointer align-baseline\"><span class=\"whitespace-normal\">FC Basel<\/span><\/span>. La nomination du technicien de 42 ans a \u00e9t\u00e9 annonc\u00e9e lundi, juste apr\u00e8s le limogeage de Ludovic Magnin de son poste d\u2019entra\u00eeneur, rapporte albinfo.ch.<\/p>\n<p data-start=\"308\" data-end=\"459\">Lichtsteiner a exprim\u00e9 sa pleine confiance dans le projet \u00e0 long terme du club et a soulign\u00e9 que l\u2019acceptation de cette mission allait de soi pour lui.<\/p>\n<p data-start=\"461\" data-end=\"789\">&#8220;Je suis tr\u00e8s convaincu par le projet \u00e0 long terme du FC Basel et c\u2019est pour cette raison que je suis heureux d\u2019en faire partie d\u00e8s maintenant. Il \u00e9tait clair pour moi que je voulais relever ce d\u00e9fi dans un club aussi prestigieux. Je suis convaincu qu\u2019ensemble, nous pouvons accomplir beaucoup de choses \u00e0 B\u00e2le&#8221;, a t il d\u00e9clar\u00e9.<\/p>\n<p data-start=\"791\" data-end=\"1013\">L\u2019ancien capitaine de la Suisse conna\u00eet bien l\u2019environnement b\u00e2lois. Il a d\u00e9j\u00e0 travaill\u00e9 auparavant comme entra\u00eeneur des \u00e9quipes de jeunes du club et, plus r\u00e9cemment, il dirigeait l\u2019\u00e9quipe suisse du FC Wettswil Bonstetten.<\/p>\n<p data-start=\"1015\" data-end=\"1261\">En tant que joueur, Lichtsteiner a connu une carri\u00e8re remarquable, \u00e9voluant dans des clubs europ\u00e9ens renomm\u00e9s tels que Grasshopper, Lille, Lazio, Juventus, Arsenal et Augsburg. Sous le maillot de la Suisse, il a disput\u00e9 108 matchs internationaux.<\/p>\n<p data-start=\"1263\" data-end=\"1588\">Il est \u00e9galement rest\u00e9 dans les m\u00e9moires pour un moment symbolique lors de la Coupe du monde &#8220;Russie 2018&#8221;, lorsqu\u2019apr\u00e8s la victoire 2 \u00e0 1 de la Suisse face \u00e0 la Serbie, il a c\u00e9l\u00e9br\u00e9 avec l\u2019aigle bic\u00e9phale apr\u00e8s le but de Granit Xhaka. Lors de ce match, Xherdan Shaqiri avait \u00e9galement marqu\u00e9, l\u2019actuel capitaine du FC Basel.\/Albinfo.ch<\/p>\n<p><img loading=\"lazy\" decoding=\"async\" class=\"alignnone wp-image-895827\" src=\"https:\/\/www.albinfo.ch\/wp-content\/uploads\/2026\/01\/img_6589-825x1024.jpeg\" alt=\"\" width=\"500\" height=\"620\" srcset=\"https:\/\/www.albinfo.at\/wp-content\/uploads\/2026\/01\/img_6589-825x1024.jpeg 825w, https:\/\/www.albinfo.at\/wp-content\/uploads\/2026\/01\/img_6589-242x300.jpeg 242w, https:\/\/www.albinfo.at\/wp-content\/uploads\/2026\/01\/img_6589-768x953.jpeg 768w, https:\/\/www.albinfo.at\/wp-content\/uploads\/2026\/01\/img_6589-319x396.jpeg 319w, https:\/\/www.albinfo.at\/wp-content\/uploads\/2026\/01\/img_6589-81x100.jpeg 81w, https:\/\/www.albinfo.at\/wp-content\/uploads\/2026\/01\/img_6589-141x175.jpeg 141w, https:\/\/www.albinfo.at\/wp-content\/uploads\/2026\/01\/img_6589.jpeg 1192w\" sizes=\"auto, (max-width: 500px) 100vw, 500px\" \/><\/p>\n","protected":false},"excerpt":{"rendered":"<p>Un nouveau chapitre pour le FC Basel avec Stephan Lichtsteiner comme entra\u00eeneur<\/p>\n","protected":false},"author":6,"featured_media":895831,"comment_status":"closed","ping_status":"closed","sticky":false,"template":"","format":"standard","meta":{"footnotes":""},"categories":[18826,24630,24671,1169,1170],"tags":[],"vendi":[],"content_country":[],"class_list":["post-896028","post","type-post","status-publish","format-standard","has-post-thumbnail","hentry","category-lajme-jeta-ne-zvicer-fr","category-nouvelles","category-football","category-sport-fr","category-vivre-en-suisse"],"acf":[],"_links":{"self":[{"href":"https:\/\/www.albinfo.at\/fr\/wp-json\/wp\/v2\/posts\/896028","targetHints":{"allow":["GET"]}}],"collection":[{"href":"https:\/\/www.albinfo.at\/fr\/wp-json\/wp\/v2\/posts"}],"about":[{"href":"https:\/\/www.albinfo.at\/fr\/wp-json\/wp\/v2\/types\/post"}],"author":[{"embeddable":true,"href":"https:\/\/www.albinfo.at\/fr\/wp-json\/wp\/v2\/users\/6"}],"replies":[{"embeddable":true,"href":"https:\/\/www.albinfo.at\/fr\/wp-json\/wp\/v2\/comments?post=896028"}],"version-history":[{"count":1,"href":"https:\/\/www.albinfo.at\/fr\/wp-json\/wp\/v2\/posts\/896028\/revisions"}],"predecessor-version":[{"id":896029,"href":"https:\/\/www.albinfo.at\/fr\/wp-json\/wp\/v2\/posts\/896028\/revisions\/896029"}],"wp:featuredmedia":[{"embeddable":true,"href":"https:\/\/www.albinfo.at\/fr\/wp-json\/wp\/v2\/media\/895831"}],"wp:attachment":[{"href":"https:\/\/www.albinfo.at\/fr\/wp-json\/wp\/v2\/media?parent=896028"}],"wp:term":[{"taxonomy":"category","embeddable":true,"href":"https:\/\/www.albinfo.at\/fr\/wp-json\/wp\/v2\/categories?post=896028"},{"taxonomy":"post_tag","embeddable":true,"href":"https:\/\/www.albinfo.at\/fr\/wp-json\/wp\/v2\/tags?post=896028"},{"taxonomy":"vendi","embeddable":true,"href":"https:\/\/www.albinfo.at\/fr\/wp-json\/wp\/v2\/vendi?post=896028"},{"taxonomy":"content_country","embeddable":true,"href":"https:\/\/www.albinfo.at\/fr\/wp-json\/wp\/v2\/content_country?post=896028"}],"curies":[{"name":"wp","href":"https:\/\/api.w.org\/{rel}","templated":true}]}}