{"id":895729,"date":"2026-01-26T22:28:40","date_gmt":"2026-01-26T21:28:40","guid":{"rendered":"https:\/\/www.albinfo.ch\/?p=895729"},"modified":"2026-01-27T00:23:54","modified_gmt":"2026-01-26T23:23:54","slug":"un-avion-de-chair-airlines-atterrit-sur-les-rails-des-tramways-a-zurich","status":"publish","type":"post","link":"https:\/\/www.albinfo.at\/fr\/un-avion-de-chair-airlines-atterrit-sur-les-rails-des-tramways-a-zurich\/","title":{"rendered":"Un avion de Chair Airlines atterrit sur les rails des tramways \u00e0 Zurich"},"content":{"rendered":"<p data-start=\"14\" data-end=\"338\">La compagnie a\u00e9rienne suisse <span class=\"hover:entity-accent entity-underline inline cursor-pointer align-baseline\"><span class=\"whitespace-normal\">Chair Airlines<\/span><\/span> a \u00e9tendu sa pr\u00e9sence au del\u00e0 de l\u2019espace a\u00e9rien. Jusqu\u2019\u00e0 fin avril 2026, un tram de la <span class=\"hover:entity-accent entity-underline inline cursor-pointer align-baseline\"><span class=\"whitespace-normal\">VBZ<\/span><\/span> circule en ville, enti\u00e8rement habill\u00e9 de l\u2019identit\u00e9 visuelle de Chair Airlines, \u00e0 l\u2019int\u00e9rieur comme \u00e0 l\u2019ext\u00e9rieur, \u00e9crit albinfo.ch.<\/p>\n<p data-start=\"340\" data-end=\"519\">Avec cette initiative, l\u2019entreprise vise \u00e0 accro\u00eetre la visibilit\u00e9 de sa marque dans le quotidien urbain, en compl\u00e9ment des formes traditionnelles de publicit\u00e9 comme les affiches.<\/p>\n<p data-start=\"521\" data-end=\"884\">Le lancement officiel de l\u2019action a eu lieu le vendredi 23 janvier 2026, avec un trajet inaugural d\u2019environ une heure. Le tram est parti de l\u2019<span class=\"hover:entity-accent entity-underline inline cursor-pointer align-baseline\"><span class=\"whitespace-normal\">A\u00e9roport de Zurich<\/span><\/span>, a travers\u00e9 les quartiers d\u2019Oerlikon et de Seebach, avant de revenir \u00e0 l\u2019a\u00e9roport. Environ 60 repr\u00e9sentants du secteur du voyage et de l\u2019aviation ont pris part \u00e0 ce trajet symbolique.<\/p>\n<p data-start=\"886\" data-end=\"980\">Les invit\u00e9s ont \u00e9t\u00e9 accueillis par le directeur financier de Chair Airlines, Christof Aregger.<\/p>\n<p data-start=\"982\" data-end=\"1222\">Dans le cadre de la campagne, Chair Airlines a \u00e9galement lanc\u00e9 un concours sur les r\u00e9seaux sociaux. Les personnes qui rep\u00e8rent le tram brand\u00e9 peuvent publier une photo ou une vid\u00e9o, utiliser le hashtag #ChairTram et identifier la compagnie.<\/p>\n<p data-start=\"1224\" data-end=\"1353\">Chaque mois, 1\u00d72 billets d\u2019avion avec Chair Airlines seront offerts, tandis que la campagne se poursuivra jusqu\u2019\u00e0 fin avril 2026.<\/p>\n<blockquote class=\"instagram-media\" style=\"background: #FFF; border: 0; border-radius: 3px; box-shadow: 0 0 1px 0 rgba(0,0,0,0.5),0 1px 10px 0 rgba(0,0,0,0.15); margin: 1px; max-width: 540px; min-width: 326px; padding: 0; width: calc(100% - 2px);\" data-instgrm-captioned=\"\" data-instgrm-permalink=\"https:\/\/www.instagram.com\/reel\/DT-0RLpEc0z\/?utm_source=ig_embed&amp;utm_campaign=loading\" data-instgrm-version=\"14\">\n<div style=\"padding: 16px;\">\n<p>&nbsp;<\/p>\n<div style=\"display: flex; flex-direction: row; align-items: center;\">\n<div style=\"background-color: #f4f4f4; border-radius: 50%; flex-grow: 0; height: 40px; margin-right: 14px; width: 40px;\"><\/div>\n<div style=\"display: flex; flex-direction: column; flex-grow: 1; justify-content: center;\">\n<div style=\"background-color: #f4f4f4; border-radius: 4px; flex-grow: 0; height: 14px; margin-bottom: 6px; width: 100px;\"><\/div>\n<div style=\"background-color: #f4f4f4; border-radius: 4px; flex-grow: 0; height: 14px; width: 60px;\"><\/div>\n<\/div>\n<\/div>\n<div style=\"padding: 19% 0;\"><\/div>\n<div style=\"display: block; height: 50px; margin: 0 auto 12px; width: 50px;\"><\/div>\n<div style=\"padding-top: 8px;\">\n<div style=\"color: #3897f0; font-family: Arial,sans-serif; font-size: 14px; font-style: normal; font-weight: 550; line-height: 18px;\">Sieh dir diesen Beitrag auf Instagram an<\/div>\n<\/div>\n<div style=\"padding: 12.5% 0;\"><\/div>\n<div style=\"display: flex; flex-direction: row; margin-bottom: 14px; align-items: center;\">\n<div>\n<div style=\"background-color: #f4f4f4; border-radius: 50%; height: 12.5px; width: 12.5px; transform: translateX(0px) translateY(7px);\"><\/div>\n<div style=\"background-color: #f4f4f4; height: 12.5px; transform: rotate(-45deg) translateX(3px) translateY(1px); width: 12.5px; flex-grow: 0; margin-right: 14px; margin-left: 2px;\"><\/div>\n<div style=\"background-color: #f4f4f4; border-radius: 50%; height: 12.5px; width: 12.5px; transform: translateX(9px) translateY(-18px);\"><\/div>\n<\/div>\n<div style=\"margin-left: 8px;\">\n<div style=\"background-color: #f4f4f4; border-radius: 50%; flex-grow: 0; height: 20px; width: 20px;\"><\/div>\n<div style=\"width: 0; height: 0; border-top: 2px solid transparent; border-left: 6px solid #f4f4f4; border-bottom: 2px solid transparent; transform: translateX(16px) translateY(-4px) rotate(30deg);\"><\/div>\n<\/div>\n<div style=\"margin-left: auto;\">\n<div style=\"width: 0px; border-top: 8px solid #F4F4F4; border-right: 8px solid transparent; transform: translateY(16px);\"><\/div>\n<div style=\"background-color: #f4f4f4; flex-grow: 0; height: 12px; width: 16px; transform: translateY(-4px);\"><\/div>\n<div style=\"width: 0; height: 0; border-top: 8px solid #F4F4F4; border-left: 8px solid transparent; transform: translateY(-4px) translateX(8px);\"><\/div>\n<\/div>\n<\/div>\n<div style=\"display: flex; flex-direction: column; flex-grow: 1; justify-content: center; margin-bottom: 24px;\">\n<div style=\"background-color: #f4f4f4; border-radius: 4px; flex-grow: 0; height: 14px; margin-bottom: 6px; width: 224px;\"><\/div>\n<div style=\"background-color: #f4f4f4; border-radius: 4px; flex-grow: 0; height: 14px; width: 144px;\"><\/div>\n<\/div>\n<p>&nbsp;<\/p>\n<p style=\"color: #c9c8cd; font-family: Arial,sans-serif; font-size: 14px; line-height: 17px; margin-bottom: 0; margin-top: 8px; overflow: hidden; padding: 8px 0 7px; text-align: center; text-overflow: ellipsis; white-space: nowrap;\"><a style=\"color: #c9c8cd; font-family: Arial,sans-serif; font-size: 14px; font-style: normal; font-weight: normal; line-height: 17px; text-decoration: none;\" href=\"https:\/\/www.instagram.com\/reel\/DT-0RLpEc0z\/?utm_source=ig_embed&amp;utm_campaign=loading\" target=\"_blank\" rel=\"noopener\">Ein Beitrag geteilt von Chair Airlines (@flychair.ch)<\/a><\/p>\n<\/div>\n<\/blockquote>\n<p><script async src=\"\/\/www.instagram.com\/embed.js\"><\/script><\/p>\n<p>&nbsp;<\/p>\n","protected":false},"excerpt":{"rendered":"<p>La compagnie a\u00e9rienne suisse Chair Airlines a \u00e9tendu sa pr\u00e9sence au del\u00e0 de l\u2019espace a\u00e9rien. Jusqu\u2019\u00e0 fin avril 2026, un tram de la VBZ circule en ville, enti\u00e8rement habill\u00e9 de l\u2019identit\u00e9 visuelle de Chair Airlines, \u00e0 l\u2019int\u00e9rieur comme \u00e0 l\u2019ext\u00e9rieur, \u00e9crit albinfo.ch. Avec cette initiative, l\u2019entreprise vise \u00e0 accro\u00eetre la visibilit\u00e9 de sa marque dans [&hellip;]<\/p>\n","protected":false},"author":6,"featured_media":895700,"comment_status":"closed","ping_status":"closed","sticky":false,"template":"","format":"standard","meta":{"footnotes":""},"categories":[34916,3980,1164,3979,18826,19748,24696,1163,1170],"tags":[],"vendi":[],"content_country":[],"class_list":["post-895729","post","type-post","status-publish","format-standard","has-post-thumbnail","hentry","category-marketing-jeta-ne-zvicer-fr","category-portrait-des-entreprises","category-integration-fr","category-entreprises-cat","category-lajme-jeta-ne-zvicer-fr","category-economie","category-autotech-fr","category-fr-e-diaspora","category-vivre-en-suisse"],"acf":[],"_links":{"self":[{"href":"https:\/\/www.albinfo.at\/fr\/wp-json\/wp\/v2\/posts\/895729","targetHints":{"allow":["GET"]}}],"collection":[{"href":"https:\/\/www.albinfo.at\/fr\/wp-json\/wp\/v2\/posts"}],"about":[{"href":"https:\/\/www.albinfo.at\/fr\/wp-json\/wp\/v2\/types\/post"}],"author":[{"embeddable":true,"href":"https:\/\/www.albinfo.at\/fr\/wp-json\/wp\/v2\/users\/6"}],"replies":[{"embeddable":true,"href":"https:\/\/www.albinfo.at\/fr\/wp-json\/wp\/v2\/comments?post=895729"}],"version-history":[{"count":1,"href":"https:\/\/www.albinfo.at\/fr\/wp-json\/wp\/v2\/posts\/895729\/revisions"}],"predecessor-version":[{"id":895730,"href":"https:\/\/www.albinfo.at\/fr\/wp-json\/wp\/v2\/posts\/895729\/revisions\/895730"}],"wp:featuredmedia":[{"embeddable":true,"href":"https:\/\/www.albinfo.at\/fr\/wp-json\/wp\/v2\/media\/895700"}],"wp:attachment":[{"href":"https:\/\/www.albinfo.at\/fr\/wp-json\/wp\/v2\/media?parent=895729"}],"wp:term":[{"taxonomy":"category","embeddable":true,"href":"https:\/\/www.albinfo.at\/fr\/wp-json\/wp\/v2\/categories?post=895729"},{"taxonomy":"post_tag","embeddable":true,"href":"https:\/\/www.albinfo.at\/fr\/wp-json\/wp\/v2\/tags?post=895729"},{"taxonomy":"vendi","embeddable":true,"href":"https:\/\/www.albinfo.at\/fr\/wp-json\/wp\/v2\/vendi?post=895729"},{"taxonomy":"content_country","embeddable":true,"href":"https:\/\/www.albinfo.at\/fr\/wp-json\/wp\/v2\/content_country?post=895729"}],"curies":[{"name":"wp","href":"https:\/\/api.w.org\/{rel}","templated":true}]}}