{"id":895682,"date":"2026-01-26T14:27:22","date_gmt":"2026-01-26T13:27:22","guid":{"rendered":"https:\/\/www.albinfo.ch\/?p=895682"},"modified":"2026-01-26T20:31:22","modified_gmt":"2026-01-26T19:31:22","slug":"le-fc-bale-limoge-son-entraineur","status":"publish","type":"post","link":"https:\/\/www.albinfo.at\/fr\/le-fc-bale-limoge-son-entraineur\/","title":{"rendered":"Le FC B\u00e2le limoge son entra\u00eeneur"},"content":{"rendered":"<p data-start=\"14\" data-end=\"94\">Dimanche, le FC B\u00e2le a remport\u00e9 le grand derby du football suisse face \u00e0 Zurich.<\/p>\n<p data-start=\"96\" data-end=\"184\">Mais le champion en titre de Suisse s\u2019est s\u00e9par\u00e9 lundi de son entra\u00eeneur Ludovic Magnin.<\/p>\n<p data-start=\"186\" data-end=\"285\">Il n\u2019est rest\u00e9 \u00e0 la t\u00eate de l\u2019\u00e9quipe que six mois et a \u00e9t\u00e9 limog\u00e9 en raison du manque de r\u00e9sultats.<\/p>\n<p data-start=\"287\" data-end=\"456\">Le FC B\u00e2le occupe la quatri\u00e8me place de la Super League suisse, \u00e0 dix points du leader, Thoune. Les dirigeants du club ont donc d\u00e9cid\u00e9 de changer d\u2019entra\u00eeneur principal.<\/p>\n<p data-start=\"458\" data-end=\"575\">Xherdan Shaqiri a brill\u00e9 lors de la victoire 4:3 contre Zurich. Il a inscrit un tripl\u00e9 et d\u00e9livr\u00e9 une passe d\u00e9cisive.<\/p>\n<p data-start=\"577\" data-end=\"688\">Le FC B\u00e2le a justifi\u00e9 le licenciement de Magnin par un &#8221; manque de progression sportive &#8220;, rapporte albinfo.ch.<\/p>\n","protected":false},"excerpt":{"rendered":"<p>Le FC B\u00e2le occupe la quatri\u00e8me place de la Super League suisse, avec dix points de retard sur le leader, Thun<\/p>\n","protected":false},"author":6,"featured_media":895614,"comment_status":"closed","ping_status":"closed","sticky":false,"template":"","format":"standard","meta":{"footnotes":""},"categories":[24671,1169],"tags":[],"vendi":[],"content_country":[],"class_list":["post-895682","post","type-post","status-publish","format-standard","has-post-thumbnail","hentry","category-football","category-sport-fr"],"acf":[],"_links":{"self":[{"href":"https:\/\/www.albinfo.at\/fr\/wp-json\/wp\/v2\/posts\/895682","targetHints":{"allow":["GET"]}}],"collection":[{"href":"https:\/\/www.albinfo.at\/fr\/wp-json\/wp\/v2\/posts"}],"about":[{"href":"https:\/\/www.albinfo.at\/fr\/wp-json\/wp\/v2\/types\/post"}],"author":[{"embeddable":true,"href":"https:\/\/www.albinfo.at\/fr\/wp-json\/wp\/v2\/users\/6"}],"replies":[{"embeddable":true,"href":"https:\/\/www.albinfo.at\/fr\/wp-json\/wp\/v2\/comments?post=895682"}],"version-history":[{"count":1,"href":"https:\/\/www.albinfo.at\/fr\/wp-json\/wp\/v2\/posts\/895682\/revisions"}],"predecessor-version":[{"id":895683,"href":"https:\/\/www.albinfo.at\/fr\/wp-json\/wp\/v2\/posts\/895682\/revisions\/895683"}],"wp:featuredmedia":[{"embeddable":true,"href":"https:\/\/www.albinfo.at\/fr\/wp-json\/wp\/v2\/media\/895614"}],"wp:attachment":[{"href":"https:\/\/www.albinfo.at\/fr\/wp-json\/wp\/v2\/media?parent=895682"}],"wp:term":[{"taxonomy":"category","embeddable":true,"href":"https:\/\/www.albinfo.at\/fr\/wp-json\/wp\/v2\/categories?post=895682"},{"taxonomy":"post_tag","embeddable":true,"href":"https:\/\/www.albinfo.at\/fr\/wp-json\/wp\/v2\/tags?post=895682"},{"taxonomy":"vendi","embeddable":true,"href":"https:\/\/www.albinfo.at\/fr\/wp-json\/wp\/v2\/vendi?post=895682"},{"taxonomy":"content_country","embeddable":true,"href":"https:\/\/www.albinfo.at\/fr\/wp-json\/wp\/v2\/content_country?post=895682"}],"curies":[{"name":"wp","href":"https:\/\/api.w.org\/{rel}","templated":true}]}}