{"id":895659,"date":"2026-01-26T12:30:50","date_gmt":"2026-01-26T11:30:50","guid":{"rendered":"https:\/\/www.albinfo.ch\/?p=895659"},"modified":"2026-01-26T19:36:35","modified_gmt":"2026-01-26T18:36:35","slug":"note-maximale-pour-xherdan-shaqiri","status":"publish","type":"post","link":"https:\/\/www.albinfo.at\/fr\/note-maximale-pour-xherdan-shaqiri\/","title":{"rendered":"Note maximale pour Xherdan Shaqiri"},"content":{"rendered":"<p data-start=\"14\" data-end=\"158\">Xherdan Shaqiri a \u00e9t\u00e9 fantastique. Le footballeur suisse d\u2019origine albanaise a inscrit trois buts lors de la victoire 3:4 de B\u00e2le face \u00e0 Zurich.<\/p>\n<p data-start=\"160\" data-end=\"405\">Dans un premier temps, il a transform\u00e9 en but une passe d\u00e9cisive d\u2019Oteles \u00e0 la 11e minute. En fin de premi\u00e8re p\u00e9riode, Shaqiri a compl\u00e9t\u00e9 son doubl\u00e9. En toute fin de rencontre, le joueur de 34 ans a marqu\u00e9 son troisi\u00e8me but, rapporte albinfo.ch.<\/p>\n<p data-start=\"407\" data-end=\"585\">Une \u00e9valuation de sa prestation ne pouvait pas manquer. Sa performance a \u00e9t\u00e9 not\u00e9e avec la note maximale de 10.00. En 21 matchs, le joueur totalise 9 buts et 10 passes d\u00e9cisives.<\/p>\n<p><a href=\"https:\/\/rumble.com\/v74ubny-shaqiri-hatrick.html\">https:\/\/rumble.com\/v74ubny-shaqiri-hatrick.html<\/a><\/p>\n<p>&nbsp;<\/p>\n<p>&nbsp;<\/p>\n","protected":false},"excerpt":{"rendered":"<p>Une \u00e9valuation pour sa prestation ne pouvait pas manquer. Sa performance a \u00e9t\u00e9 not\u00e9e avec la note maximale de 10.00<\/p>\n","protected":false},"author":6,"featured_media":823939,"comment_status":"closed","ping_status":"closed","sticky":false,"template":"","format":"standard","meta":{"footnotes":""},"categories":[24671,1169],"tags":[],"vendi":[],"content_country":[],"class_list":["post-895659","post","type-post","status-publish","format-standard","has-post-thumbnail","hentry","category-football","category-sport-fr"],"acf":[],"_links":{"self":[{"href":"https:\/\/www.albinfo.at\/fr\/wp-json\/wp\/v2\/posts\/895659","targetHints":{"allow":["GET"]}}],"collection":[{"href":"https:\/\/www.albinfo.at\/fr\/wp-json\/wp\/v2\/posts"}],"about":[{"href":"https:\/\/www.albinfo.at\/fr\/wp-json\/wp\/v2\/types\/post"}],"author":[{"embeddable":true,"href":"https:\/\/www.albinfo.at\/fr\/wp-json\/wp\/v2\/users\/6"}],"replies":[{"embeddable":true,"href":"https:\/\/www.albinfo.at\/fr\/wp-json\/wp\/v2\/comments?post=895659"}],"version-history":[{"count":1,"href":"https:\/\/www.albinfo.at\/fr\/wp-json\/wp\/v2\/posts\/895659\/revisions"}],"predecessor-version":[{"id":895662,"href":"https:\/\/www.albinfo.at\/fr\/wp-json\/wp\/v2\/posts\/895659\/revisions\/895662"}],"wp:featuredmedia":[{"embeddable":true,"href":"https:\/\/www.albinfo.at\/fr\/wp-json\/wp\/v2\/media\/823939"}],"wp:attachment":[{"href":"https:\/\/www.albinfo.at\/fr\/wp-json\/wp\/v2\/media?parent=895659"}],"wp:term":[{"taxonomy":"category","embeddable":true,"href":"https:\/\/www.albinfo.at\/fr\/wp-json\/wp\/v2\/categories?post=895659"},{"taxonomy":"post_tag","embeddable":true,"href":"https:\/\/www.albinfo.at\/fr\/wp-json\/wp\/v2\/tags?post=895659"},{"taxonomy":"vendi","embeddable":true,"href":"https:\/\/www.albinfo.at\/fr\/wp-json\/wp\/v2\/vendi?post=895659"},{"taxonomy":"content_country","embeddable":true,"href":"https:\/\/www.albinfo.at\/fr\/wp-json\/wp\/v2\/content_country?post=895659"}],"curies":[{"name":"wp","href":"https:\/\/api.w.org\/{rel}","templated":true}]}}