{"id":895450,"date":"2026-01-25T21:00:33","date_gmt":"2026-01-25T20:00:33","guid":{"rendered":"https:\/\/www.albinfo.ch\/?p=895450"},"modified":"2026-01-25T22:15:02","modified_gmt":"2026-01-25T21:15:02","slug":"osmani-declare-a-la-bbc-que-le-kosovo-possede-lexperience-necessaire-pour-construire-la-paix","status":"publish","type":"post","link":"https:\/\/www.albinfo.at\/fr\/osmani-declare-a-la-bbc-que-le-kosovo-possede-lexperience-necessaire-pour-construire-la-paix\/","title":{"rendered":"Osmani d\u00e9clare \u00e0 la BBC que le Kosovo poss\u00e8de l\u2019exp\u00e9rience n\u00e9cessaire pour construire la paix"},"content":{"rendered":"<p data-start=\"0\" data-end=\"232\">La pr\u00e9sidente du Kosovo, Vjosa Osmani, a d\u00e9clar\u00e9 dans une interview accord\u00e9e \u00e0 la BBC que le Kosovo sait comment parvenir \u00e0 la paix, gr\u00e2ce \u00e0 son histoire douloureuse et au fort soutien international dont il a b\u00e9n\u00e9fici\u00e9.<\/p>\n<p data-start=\"234\" data-end=\"466\">Elle a expliqu\u00e9 qu\u2019il existe de nombreuses raisons pour lesquelles le Kosovo a rejoint le Conseil de la paix du pr\u00e9sident am\u00e9ricain Donald Trump, au sein duquel Osmani fait partie des dirigeants mondiaux impliqu\u00e9s dans ce m\u00e9canisme.<\/p>\n<p data-start=\"468\" data-end=\"822\">En revenant sur le pass\u00e9, Osmani a rappel\u00e9 qu\u2019il y a 26 ans, le Kosovo \u00e9tait d\u00e9vast\u00e9 par la guerre et que son peuple avait \u00e9t\u00e9 confront\u00e9 au g\u00e9nocide. Selon elle, l\u2019intervention des \u00c9tats Unis, avec le soutien du Royaume Uni et d\u2019autres pays d\u00e9mocratiques, a \u00e9t\u00e9 d\u00e9cisive pour sauver des vies et ouvrir la voie \u00e0 la paix, \u00e0 la libert\u00e9 et \u00e0 l\u2019ind\u00e9pendance.<\/p>\n<p data-start=\"824\" data-end=\"1049\">Dans cette interview, Osmani a soulign\u00e9 qu\u2019aujourd\u2019hui le Kosovo est un \u00c9tat souverain, d\u00e9mocratique et ind\u00e9pendant, et que ses enfants constituent la premi\u00e8re g\u00e9n\u00e9ration \u00e0 grandir sans conna\u00eetre la guerre et \u00e0 vivre en paix.<\/p>\n<p data-start=\"1051\" data-end=\"1456\">Elle a insist\u00e9 sur le fait que la paix ne s\u2019obtient pas uniquement par des paroles ou des r\u00e9solutions, mais par des actions concr\u00e8tes. \u00c9voquant son exp\u00e9rience personnelle en tant qu\u2019enfant de la guerre, Osmani a indiqu\u00e9 qu\u2019\u00e0 l\u2019\u00e9poque, il y avait de nombreuses d\u00e9clarations internationales, mais peu d\u2019actions, jusqu\u2019au moment o\u00f9 les \u00c9tats Unis sont intervenus et ont mobilis\u00e9 le monde en faveur du Kosovo.<\/p>\n<p data-start=\"1458\" data-end=\"1783\">La pr\u00e9sidente a ajout\u00e9 qu\u2019il existe une diff\u00e9rence entre cr\u00e9er la paix et la pr\u00e9server, soulignant la n\u00e9cessit\u00e9 d\u2019organisations fortes d\u00e9di\u00e9es \u00e0 la construction de la paix, tandis que l\u2019ONU, selon elle, joue un r\u00f4le essentiel dans le maintien de la paix, r\u00f4le qu\u2019elle a \u00e9galement assum\u00e9 au Kosovo pendant plus d\u2019une d\u00e9cennie.<\/p>\n<p data-start=\"1785\" data-end=\"2037\">Interrog\u00e9e sur la question de savoir si ces initiatives visent \u00e0 remplacer l\u2019ONU, Osmani a rejet\u00e9 cette id\u00e9e, soulignant que les organisations internationales peuvent et doivent coop\u00e9rer, chacune dans son r\u00f4le, afin d\u2019atteindre et de maintenir la paix.<\/p>\n","protected":false},"excerpt":{"rendered":"<p>La pr\u00e9sidente du Kosovo, Vjosa Osmani, a d\u00e9clar\u00e9 dans une interview accord\u00e9e \u00e0 la BBC que le Kosovo sait comment parvenir \u00e0 la paix, gr\u00e2ce \u00e0 son histoire douloureuse et au fort soutien international dont il a b\u00e9n\u00e9fici\u00e9. Elle a expliqu\u00e9 qu\u2019il existe de nombreuses raisons pour lesquelles le Kosovo a rejoint le Conseil de [&hellip;]<\/p>\n","protected":false},"author":6,"featured_media":848533,"comment_status":"closed","ping_status":"closed","sticky":false,"template":"","format":"standard","meta":{"footnotes":""},"categories":[33083,23271,1160,3949,23277,23270,24620,24634,1159],"tags":[],"vendi":[],"content_country":[],"class_list":["post-895450","post","type-post","status-publish","format-standard","has-post-thumbnail","hentry","category-de-balkani-fr","category-kosovo","category-actuel","category-kosova-fr","category-news-fr","category-at-balkani-fr","category-kosova-fr-2","category-nouvelles-fr-3","category-ch-balkans"],"acf":[],"_links":{"self":[{"href":"https:\/\/www.albinfo.at\/fr\/wp-json\/wp\/v2\/posts\/895450","targetHints":{"allow":["GET"]}}],"collection":[{"href":"https:\/\/www.albinfo.at\/fr\/wp-json\/wp\/v2\/posts"}],"about":[{"href":"https:\/\/www.albinfo.at\/fr\/wp-json\/wp\/v2\/types\/post"}],"author":[{"embeddable":true,"href":"https:\/\/www.albinfo.at\/fr\/wp-json\/wp\/v2\/users\/6"}],"replies":[{"embeddable":true,"href":"https:\/\/www.albinfo.at\/fr\/wp-json\/wp\/v2\/comments?post=895450"}],"version-history":[{"count":1,"href":"https:\/\/www.albinfo.at\/fr\/wp-json\/wp\/v2\/posts\/895450\/revisions"}],"predecessor-version":[{"id":895451,"href":"https:\/\/www.albinfo.at\/fr\/wp-json\/wp\/v2\/posts\/895450\/revisions\/895451"}],"wp:featuredmedia":[{"embeddable":true,"href":"https:\/\/www.albinfo.at\/fr\/wp-json\/wp\/v2\/media\/848533"}],"wp:attachment":[{"href":"https:\/\/www.albinfo.at\/fr\/wp-json\/wp\/v2\/media?parent=895450"}],"wp:term":[{"taxonomy":"category","embeddable":true,"href":"https:\/\/www.albinfo.at\/fr\/wp-json\/wp\/v2\/categories?post=895450"},{"taxonomy":"post_tag","embeddable":true,"href":"https:\/\/www.albinfo.at\/fr\/wp-json\/wp\/v2\/tags?post=895450"},{"taxonomy":"vendi","embeddable":true,"href":"https:\/\/www.albinfo.at\/fr\/wp-json\/wp\/v2\/vendi?post=895450"},{"taxonomy":"content_country","embeddable":true,"href":"https:\/\/www.albinfo.at\/fr\/wp-json\/wp\/v2\/content_country?post=895450"}],"curies":[{"name":"wp","href":"https:\/\/api.w.org\/{rel}","templated":true}]}}