{"id":895346,"date":"2026-01-24T21:39:37","date_gmt":"2026-01-24T20:39:37","guid":{"rendered":"https:\/\/www.albinfo.ch\/?p=895346"},"modified":"2026-01-25T01:07:46","modified_gmt":"2026-01-25T00:07:46","slug":"osmani-apres-sa-rencontre-avec-la-diaspora-en-suisse-vous-nous-rendez-tous-fiers","status":"publish","type":"post","link":"https:\/\/www.albinfo.at\/fr\/osmani-apres-sa-rencontre-avec-la-diaspora-en-suisse-vous-nous-rendez-tous-fiers\/","title":{"rendered":"Osmani, apr\u00e8s sa rencontre avec la diaspora en Suisse: Vous nous rendez tous fiers"},"content":{"rendered":"<p>La Pr\u00e9sidente du pays, Vjosa Osmani, s\u2019est exprim\u00e9e dans une publication sur Facebook, publi\u00e9e aujourd\u2019hui, au sujet des rencontres qu\u2019elle a eues avec la diaspora \u00e0 la Maison du Kosovo \u00e0 Davos, lors de son s\u00e9jour en Suisse.<br \/>\n<iframe loading=\"lazy\" style=\"border: none; overflow: hidden;\" src=\"https:\/\/www.facebook.com\/plugins\/post.php?href=https%3A%2F%2Fwww.facebook.com%2FVjosaOsmaniMP%2Fposts%2Fpfbid0349RsqfcPy6rGsDGzHecNpZRPqPkFjLrA9mazU1VHWq6ReZ8P2KzR3maRyxm9RiPPl&amp;show_text=true&amp;width=500\" width=\"500\" height=\"703\" frameborder=\"0\" scrolling=\"no\" allowfullscreen=\"allowfullscreen\" data-mce-fragment=\"1\"><\/iframe><\/p>\n<p>&#8220;Lors de notre s\u00e9jour d\u2019une journ\u00e9e en Suisse, ce fut un plaisir tout particulier de rencontrer notre diaspora \u00e0 la Maison du Kosovo \u00e0 Davos. Chacun d\u2019entre eux nous rend extr\u00eamement fiers par ses succ\u00e8s et ses r\u00e9alisations, et nous leur sommes infiniment reconnaissants pour leur soutien constant au Kosovo&#8221;, a-t-elle \u00e9crit dans sa publication sur Facebook, accompagn\u00e9e de nombreuses photos de ces rencontres.<\/p>\n<figure id=\"attachment_895267\" aria-describedby=\"caption-attachment-895267\" style=\"width: 510px\" class=\"wp-caption alignnone\"><a href=\"https:\/\/www.albinfo.ch\/wp-content\/uploads\/2026\/01\/osmani-zvicer-5.jpg\"><img loading=\"lazy\" decoding=\"async\" class=\"wp-image-895267\" src=\"https:\/\/www.albinfo.ch\/wp-content\/uploads\/2026\/01\/osmani-zvicer-5.jpg\" alt=\"\" width=\"510\" height=\"340\" srcset=\"https:\/\/www.albinfo.at\/wp-content\/uploads\/2026\/01\/osmani-zvicer-5.jpg 2048w, https:\/\/www.albinfo.at\/wp-content\/uploads\/2026\/01\/osmani-zvicer-5-300x200.jpg 300w, https:\/\/www.albinfo.at\/wp-content\/uploads\/2026\/01\/osmani-zvicer-5-1024x683.jpg 1024w, https:\/\/www.albinfo.at\/wp-content\/uploads\/2026\/01\/osmani-zvicer-5-768x512.jpg 768w, https:\/\/www.albinfo.at\/wp-content\/uploads\/2026\/01\/osmani-zvicer-5-1536x1025.jpg 1536w, https:\/\/www.albinfo.at\/wp-content\/uploads\/2026\/01\/osmani-zvicer-5-586x389.jpg 586w, https:\/\/www.albinfo.at\/wp-content\/uploads\/2026\/01\/osmani-zvicer-5-210x141.jpg 210w, https:\/\/www.albinfo.at\/wp-content\/uploads\/2026\/01\/osmani-zvicer-5-587x392.jpg 587w, https:\/\/www.albinfo.at\/wp-content\/uploads\/2026\/01\/osmani-zvicer-5-150x100.jpg 150w, https:\/\/www.albinfo.at\/wp-content\/uploads\/2026\/01\/osmani-zvicer-5-262x175.jpg 262w\" sizes=\"auto, (max-width: 510px) 100vw, 510px\" \/><\/a><figcaption id=\"caption-attachment-895267\" class=\"wp-caption-text\">albinfo.ch<\/figcaption><\/figure>\n<figure id=\"attachment_895270\" aria-describedby=\"caption-attachment-895270\" style=\"width: 510px\" class=\"wp-caption alignnone\"><a href=\"https:\/\/www.albinfo.ch\/wp-content\/uploads\/2026\/01\/osmani-zvicer-7.jpg\"><img loading=\"lazy\" decoding=\"async\" class=\"wp-image-895270\" src=\"https:\/\/www.albinfo.ch\/wp-content\/uploads\/2026\/01\/osmani-zvicer-7.jpg\" alt=\"\" width=\"510\" height=\"340\" srcset=\"https:\/\/www.albinfo.at\/wp-content\/uploads\/2026\/01\/osmani-zvicer-7.jpg 2048w, https:\/\/www.albinfo.at\/wp-content\/uploads\/2026\/01\/osmani-zvicer-7-300x200.jpg 300w, https:\/\/www.albinfo.at\/wp-content\/uploads\/2026\/01\/osmani-zvicer-7-1024x683.jpg 1024w, https:\/\/www.albinfo.at\/wp-content\/uploads\/2026\/01\/osmani-zvicer-7-768x512.jpg 768w, https:\/\/www.albinfo.at\/wp-content\/uploads\/2026\/01\/osmani-zvicer-7-1536x1025.jpg 1536w, https:\/\/www.albinfo.at\/wp-content\/uploads\/2026\/01\/osmani-zvicer-7-586x389.jpg 586w, https:\/\/www.albinfo.at\/wp-content\/uploads\/2026\/01\/osmani-zvicer-7-210x141.jpg 210w, https:\/\/www.albinfo.at\/wp-content\/uploads\/2026\/01\/osmani-zvicer-7-587x392.jpg 587w, https:\/\/www.albinfo.at\/wp-content\/uploads\/2026\/01\/osmani-zvicer-7-150x100.jpg 150w, https:\/\/www.albinfo.at\/wp-content\/uploads\/2026\/01\/osmani-zvicer-7-262x175.jpg 262w\" sizes=\"auto, (max-width: 510px) 100vw, 510px\" \/><\/a><figcaption id=\"caption-attachment-895270\" class=\"wp-caption-text\">albinfo.ch<\/figcaption><\/figure>\n<p>Lexoni po ashtu:<\/p>\n<blockquote class=\"wp-embedded-content\" data-secret=\"XK8tZr7wBF\"><p><a href=\"https:\/\/www.albinfo.ch\/house-of-kosova-nje-ze-nga-kosova-ne-davos-te-zvicres\/\">&#8220;House of Kosova&#8221;: Nj\u00eb z\u00eb nga Kosova n\u00eb Davos t\u00eb Zvicr\u00ebs<\/a><\/p><\/blockquote>\n<p><iframe loading=\"lazy\" class=\"wp-embedded-content\" sandbox=\"allow-scripts\" security=\"restricted\" style=\"position: absolute; visibility: hidden;\" title=\"&#8220;&#8220;House of Kosova&#8221;: Nj\u00eb z\u00eb nga Kosova n\u00eb Davos t\u00eb Zvicr\u00ebs&#8221; &#8212; Albinfo\" src=\"https:\/\/www.albinfo.ch\/house-of-kosova-nje-ze-nga-kosova-ne-davos-te-zvicres\/embed\/#?secret=lIind2SAlp#?secret=XK8tZr7wBF\" data-secret=\"XK8tZr7wBF\" width=\"587\" height=\"331\" frameborder=\"0\" marginwidth=\"0\" marginheight=\"0\" scrolling=\"no\"><\/iframe><\/p>\n<p>Lexoni po ashtu:<\/p>\n<blockquote class=\"wp-embedded-content\" data-secret=\"xbHRVnAkdz\"><p><a href=\"https:\/\/www.albinfo.ch\/kurti-nga-davosi-shtepia-e-kosoves-platforme-per-promovimin-e-investimeve-dhe-kultures\/\">Kurti nga Davosi: \u2018Sht\u00ebpia e Kosov\u00ebs\u2019, platform\u00eb p\u00ebr promovimin e investimeve dhe kultur\u00ebs<\/a><\/p><\/blockquote>\n<p><iframe loading=\"lazy\" class=\"wp-embedded-content\" sandbox=\"allow-scripts\" security=\"restricted\" style=\"position: absolute; visibility: hidden;\" title=\"&#8220;Kurti nga Davosi: \u2018Sht\u00ebpia e Kosov\u00ebs\u2019, platform\u00eb p\u00ebr promovimin e investimeve dhe kultur\u00ebs&#8221; &#8212; Albinfo\" src=\"https:\/\/www.albinfo.ch\/kurti-nga-davosi-shtepia-e-kosoves-platforme-per-promovimin-e-investimeve-dhe-kultures\/embed\/#?secret=TGJ4sy7il2#?secret=xbHRVnAkdz\" data-secret=\"xbHRVnAkdz\" width=\"587\" height=\"331\" frameborder=\"0\" marginwidth=\"0\" marginheight=\"0\" scrolling=\"no\"><\/iframe><\/p>\n","protected":false},"excerpt":{"rendered":"<p>La Pr\u00e9sidente du pays, Vjosa Osmani, s\u2019est exprim\u00e9e dans une publication sur Facebook, publi\u00e9e aujourd\u2019hui, au sujet des rencontres qu\u2019elle a eues avec la diaspora \u00e0 la Maison du Kosovo \u00e0 Davos, lors de son s\u00e9jour en Suisse. &#8220;Lors de notre s\u00e9jour d\u2019une journ\u00e9e en Suisse, ce fut un plaisir tout particulier de rencontrer notre [&hellip;]<\/p>\n","protected":false},"author":6,"featured_media":895250,"comment_status":"closed","ping_status":"closed","sticky":false,"template":"","format":"standard","meta":{"footnotes":""},"categories":[33083,23271,24637,1160,3949,23277,23270,24620,24634,1159,1163,1411,2014],"tags":[],"vendi":[],"content_country":[],"class_list":["post-895346","post","type-post","status-publish","format-standard","has-post-thumbnail","hentry","category-de-balkani-fr","category-kosovo","category-nouvelles-fr-4","category-actuel","category-kosova-fr","category-news-fr","category-at-balkani-fr","category-kosova-fr-2","category-nouvelles-fr-3","category-ch-balkans","category-fr-e-diaspora","category-newsletter-fr","category-newsletter-media-fr"],"acf":[],"_links":{"self":[{"href":"https:\/\/www.albinfo.at\/fr\/wp-json\/wp\/v2\/posts\/895346","targetHints":{"allow":["GET"]}}],"collection":[{"href":"https:\/\/www.albinfo.at\/fr\/wp-json\/wp\/v2\/posts"}],"about":[{"href":"https:\/\/www.albinfo.at\/fr\/wp-json\/wp\/v2\/types\/post"}],"author":[{"embeddable":true,"href":"https:\/\/www.albinfo.at\/fr\/wp-json\/wp\/v2\/users\/6"}],"replies":[{"embeddable":true,"href":"https:\/\/www.albinfo.at\/fr\/wp-json\/wp\/v2\/comments?post=895346"}],"version-history":[{"count":1,"href":"https:\/\/www.albinfo.at\/fr\/wp-json\/wp\/v2\/posts\/895346\/revisions"}],"predecessor-version":[{"id":895347,"href":"https:\/\/www.albinfo.at\/fr\/wp-json\/wp\/v2\/posts\/895346\/revisions\/895347"}],"wp:featuredmedia":[{"embeddable":true,"href":"https:\/\/www.albinfo.at\/fr\/wp-json\/wp\/v2\/media\/895250"}],"wp:attachment":[{"href":"https:\/\/www.albinfo.at\/fr\/wp-json\/wp\/v2\/media?parent=895346"}],"wp:term":[{"taxonomy":"category","embeddable":true,"href":"https:\/\/www.albinfo.at\/fr\/wp-json\/wp\/v2\/categories?post=895346"},{"taxonomy":"post_tag","embeddable":true,"href":"https:\/\/www.albinfo.at\/fr\/wp-json\/wp\/v2\/tags?post=895346"},{"taxonomy":"vendi","embeddable":true,"href":"https:\/\/www.albinfo.at\/fr\/wp-json\/wp\/v2\/vendi?post=895346"},{"taxonomy":"content_country","embeddable":true,"href":"https:\/\/www.albinfo.at\/fr\/wp-json\/wp\/v2\/content_country?post=895346"}],"curies":[{"name":"wp","href":"https:\/\/api.w.org\/{rel}","templated":true}]}}