{"id":895092,"date":"2026-01-23T22:47:00","date_gmt":"2026-01-23T21:47:00","guid":{"rendered":"https:\/\/www.albinfo.ch\/?p=895092"},"modified":"2026-01-24T01:51:03","modified_gmt":"2026-01-24T00:51:03","slug":"documentaire-sur-arte-consacre-aux-villages-oublies-des-montagnes-albanaises","status":"publish","type":"post","link":"https:\/\/www.albinfo.at\/fr\/documentaire-sur-arte-consacre-aux-villages-oublies-des-montagnes-albanaises\/","title":{"rendered":"Documentaire sur Arte consacr\u00e9 aux villages oubli\u00e9s des montagnes albanaises"},"content":{"rendered":"<p data-start=\"14\" data-end=\"246\">La cha\u00eene de t\u00e9l\u00e9vision europ\u00e9enne franco-allemande ARTE diffuse un documentaire qui aborde la vie difficile dans les montagnes du nord de l\u2019Albanie ainsi que l\u2019aide apport\u00e9e par des fr\u00e8res allemands aux habitants de cette r\u00e9gion.<\/p>\n<p data-start=\"248\" data-end=\"544\">Dans le nord de l\u2019Albanie, des fr\u00e8res capucins allemands venus de M\u00fcnster, en Allemagne, sont engag\u00e9s sur le terrain. Jeremias Borgards est l\u2019un d\u2019entre eux. Ils prennent soin des malades et des personnes \u00e2g\u00e9es qui vivent seules et n\u2019ont plus personne dans cette r\u00e9gion en voie de d\u00e9peuplement.<\/p>\n<p data-start=\"546\" data-end=\"914\">Pour accomplir cette mission, lui et les autres fr\u00e8res parcourent les montagnes pendant des heures. Ils sont accompagn\u00e9s par Angelos Delija, un jeune Albanais de 18 ans. Il est originaire de la petite ville de Fush\u00eb-Arr\u00ebz, une r\u00e9gion fortement touch\u00e9e par l\u2019\u00e9migration massive. Certains villages y ont perdu plus de la moiti\u00e9 de leur population, rapporte albinfo.ch.<\/p>\n<p data-start=\"916\" data-end=\"1230\">Le documentaire &#8221; Fshatra t\u00eb Harruara n\u00eb Malet e Shqip\u00ebris\u00eb &#8220;, r\u00e9alis\u00e9 par Michael Nieberg, sera diffus\u00e9 sur ARTE le 3 f\u00e9vrier 2026 \u00e0 19h40 dans le cadre de l\u2019\u00e9mission arte Re:. Le 29 janvier 2026, ARTE et 6w-Film organiseront une avant-premi\u00e8re au Schlosstheater, suivie d\u2019une table ronde avec les participants.<\/p>\n","protected":false},"excerpt":{"rendered":"<p>Le documentaire &#8221; Villages oubli\u00e9s dans les montagnes d\u2019Albanie &#8220;, r\u00e9alis\u00e9 par Michael Nieberg, sera diffus\u00e9 sur ARTE le 3 f\u00e9vrier 2026<\/p>\n","protected":false},"author":6,"featured_media":895048,"comment_status":"closed","ping_status":"closed","sticky":false,"template":"","format":"standard","meta":{"footnotes":""},"categories":[34914,1160,24666,3943,24632,1159,1168],"tags":[],"vendi":[],"content_country":[],"class_list":["post-895092","post","type-post","status-publish","format-standard","has-post-thumbnail","hentry","category-la-vie-en-allemagne","category-actuel","category-cinema","category-shqiperia-fr","category-nouvelles-fr","category-ch-balkans","category-culture"],"acf":[],"_links":{"self":[{"href":"https:\/\/www.albinfo.at\/fr\/wp-json\/wp\/v2\/posts\/895092","targetHints":{"allow":["GET"]}}],"collection":[{"href":"https:\/\/www.albinfo.at\/fr\/wp-json\/wp\/v2\/posts"}],"about":[{"href":"https:\/\/www.albinfo.at\/fr\/wp-json\/wp\/v2\/types\/post"}],"author":[{"embeddable":true,"href":"https:\/\/www.albinfo.at\/fr\/wp-json\/wp\/v2\/users\/6"}],"replies":[{"embeddable":true,"href":"https:\/\/www.albinfo.at\/fr\/wp-json\/wp\/v2\/comments?post=895092"}],"version-history":[{"count":2,"href":"https:\/\/www.albinfo.at\/fr\/wp-json\/wp\/v2\/posts\/895092\/revisions"}],"predecessor-version":[{"id":895094,"href":"https:\/\/www.albinfo.at\/fr\/wp-json\/wp\/v2\/posts\/895092\/revisions\/895094"}],"wp:featuredmedia":[{"embeddable":true,"href":"https:\/\/www.albinfo.at\/fr\/wp-json\/wp\/v2\/media\/895048"}],"wp:attachment":[{"href":"https:\/\/www.albinfo.at\/fr\/wp-json\/wp\/v2\/media?parent=895092"}],"wp:term":[{"taxonomy":"category","embeddable":true,"href":"https:\/\/www.albinfo.at\/fr\/wp-json\/wp\/v2\/categories?post=895092"},{"taxonomy":"post_tag","embeddable":true,"href":"https:\/\/www.albinfo.at\/fr\/wp-json\/wp\/v2\/tags?post=895092"},{"taxonomy":"vendi","embeddable":true,"href":"https:\/\/www.albinfo.at\/fr\/wp-json\/wp\/v2\/vendi?post=895092"},{"taxonomy":"content_country","embeddable":true,"href":"https:\/\/www.albinfo.at\/fr\/wp-json\/wp\/v2\/content_country?post=895092"}],"curies":[{"name":"wp","href":"https:\/\/api.w.org\/{rel}","templated":true}]}}