{"id":895059,"date":"2026-01-23T16:49:33","date_gmt":"2026-01-23T15:49:33","guid":{"rendered":"https:\/\/www.albinfo.ch\/?p=895059"},"modified":"2026-01-24T00:48:02","modified_gmt":"2026-01-23T23:48:02","slug":"les-emirats-investissent-325-millions-deuros-dans-la-construction-de-la-nouvelle-clinique-de-gynecologie-a-pristina","status":"publish","type":"post","link":"https:\/\/www.albinfo.at\/fr\/les-emirats-investissent-325-millions-deuros-dans-la-construction-de-la-nouvelle-clinique-de-gynecologie-a-pristina\/","title":{"rendered":"Les \u00c9mirats investissent 32,5 millions d\u2019euros dans la construction de la nouvelle clinique de gyn\u00e9cologie \u00e0 Pristina"},"content":{"rendered":"<p data-start=\"14\" data-end=\"253\">L\u2019information a \u00e9t\u00e9 annonc\u00e9e par l\u2019ambassadeur du Kosovo aux \u00c9mirats arabes unis, Xhabir Hamiti, \u00e0 l\u2019issue d\u2019une rencontre officielle \u00e0 Abou Dhabi avec la vice secr\u00e9taire du D\u00e9partement de la Sant\u00e9, Dr Noura Al Gaithi, rapporte albinfo.ch.<\/p>\n<p data-start=\"255\" data-end=\"594\">Le principal investissement concerne la construction du nouvel h\u00f4pital de gyn\u00e9cologie \u00e0 Pristina, un don d\u2019une valeur de 25 millions d\u2019euros. Selon l\u2019ambassadeur, les pr\u00e9paratifs initiaux ont d\u00e9j\u00e0 commenc\u00e9, en coordination avec le minist\u00e8re de la Sant\u00e9 du Kosovo, notamment pour la s\u00e9lection d\u2019un site appropri\u00e9 \u00e0 la r\u00e9alisation du projet.<\/p>\n<p data-start=\"596\" data-end=\"905\">Le deuxi\u00e8me investissement est destin\u00e9 \u00e0 l\u2019h\u00f4pital Sheikh Zayed \u00e0 Vushtrri, pour lequel un montant de 7,5 millions d\u2019euros a \u00e9t\u00e9 allou\u00e9. Ce projet devrait d\u00e9marrer au cours de l\u2019ann\u00e9e et vise une r\u00e9novation compl\u00e8te de l\u2019infrastructure hospitali\u00e8re ainsi que son \u00e9quipement en technologies m\u00e9dicales modernes.<\/p>\n<p data-start=\"907\" data-end=\"1187\">L\u2019ambassadeur Hamiti a exprim\u00e9 sa gratitude envers le leadership et le peuple des \u00c9mirats arabes unis, sous la direction du pr\u00e9sident Sheikh Mohamed bin Zayed Al Nahyan, soulignant que ces dons contribuent directement \u00e0 l\u2019am\u00e9lioration des conditions du syst\u00e8me de sant\u00e9 au Kosovo.<\/p>\n<p data-start=\"1189\" data-end=\"1526\">Les \u00c9mirats arabes unis ont \u00e9t\u00e9 le premier \u00c9tat arabe \u00e0 reconna\u00eetre le Kosovo en 2008 et demeurent l\u2019un de ses principaux partenaires \u00e9conomiques. Leur contribution au secteur de la sant\u00e9 comprend des projets majeurs, tels que l\u2019h\u00f4pital pour enfants Sheikha Fatima au QKUK, inaugur\u00e9 en 2021 pour une valeur d\u2019environ 22 millions d\u2019euros.<\/p>\n<p data-start=\"1528\" data-end=\"1748\">La coop\u00e9ration entre le Kosovo et les \u00c9mirats s\u2019est \u00e9galement \u00e9tendue \u00e0 d\u2019autres domaines strat\u00e9giques, tandis que depuis le 22 f\u00e9vrier 2024, les citoyens du Kosovo peuvent voyager sans visa vers les \u00c9mirats arabes unis.\/Albinfo.ch<\/p>\n","protected":false},"excerpt":{"rendered":"<p>Les \u00c9mirats arabes unis ont confirm\u00e9 deux investissements strat\u00e9giques dans le secteur de la sant\u00e9 au Kosovo, pour une valeur totale de 32,5 millions d\u2019euros<\/p>\n","protected":false},"author":6,"featured_media":894905,"comment_status":"closed","ping_status":"closed","sticky":false,"template":"","format":"standard","meta":{"footnotes":""},"categories":[23271,1160,3949,23270,24630,24672,1159],"tags":[],"vendi":[],"content_country":[],"class_list":["post-895059","post","type-post","status-publish","format-standard","has-post-thumbnail","hentry","category-kosovo","category-actuel","category-kosova-fr","category-at-balkani-fr","category-nouvelles","category-sante-fr-2","category-ch-balkans"],"acf":[],"_links":{"self":[{"href":"https:\/\/www.albinfo.at\/fr\/wp-json\/wp\/v2\/posts\/895059","targetHints":{"allow":["GET"]}}],"collection":[{"href":"https:\/\/www.albinfo.at\/fr\/wp-json\/wp\/v2\/posts"}],"about":[{"href":"https:\/\/www.albinfo.at\/fr\/wp-json\/wp\/v2\/types\/post"}],"author":[{"embeddable":true,"href":"https:\/\/www.albinfo.at\/fr\/wp-json\/wp\/v2\/users\/6"}],"replies":[{"embeddable":true,"href":"https:\/\/www.albinfo.at\/fr\/wp-json\/wp\/v2\/comments?post=895059"}],"version-history":[{"count":1,"href":"https:\/\/www.albinfo.at\/fr\/wp-json\/wp\/v2\/posts\/895059\/revisions"}],"predecessor-version":[{"id":895060,"href":"https:\/\/www.albinfo.at\/fr\/wp-json\/wp\/v2\/posts\/895059\/revisions\/895060"}],"wp:featuredmedia":[{"embeddable":true,"href":"https:\/\/www.albinfo.at\/fr\/wp-json\/wp\/v2\/media\/894905"}],"wp:attachment":[{"href":"https:\/\/www.albinfo.at\/fr\/wp-json\/wp\/v2\/media?parent=895059"}],"wp:term":[{"taxonomy":"category","embeddable":true,"href":"https:\/\/www.albinfo.at\/fr\/wp-json\/wp\/v2\/categories?post=895059"},{"taxonomy":"post_tag","embeddable":true,"href":"https:\/\/www.albinfo.at\/fr\/wp-json\/wp\/v2\/tags?post=895059"},{"taxonomy":"vendi","embeddable":true,"href":"https:\/\/www.albinfo.at\/fr\/wp-json\/wp\/v2\/vendi?post=895059"},{"taxonomy":"content_country","embeddable":true,"href":"https:\/\/www.albinfo.at\/fr\/wp-json\/wp\/v2\/content_country?post=895059"}],"curies":[{"name":"wp","href":"https:\/\/api.w.org\/{rel}","templated":true}]}}