{"id":894987,"date":"2026-01-23T15:59:49","date_gmt":"2026-01-23T14:59:49","guid":{"rendered":"https:\/\/www.albinfo.ch\/?p=894987"},"modified":"2026-01-23T16:00:01","modified_gmt":"2026-01-23T15:00:01","slug":"luana-bajrami-en-route-vers-les-oscars-son-film-est-nomme-dans-la-categorie-du-court-metrage","status":"publish","type":"post","link":"https:\/\/www.albinfo.at\/fr\/luana-bajrami-en-route-vers-les-oscars-son-film-est-nomme-dans-la-categorie-du-court-metrage\/","title":{"rendered":"Luana Bajrami en route vers les Oscars, son film est nomm\u00e9 dans la cat\u00e9gorie du court m\u00e9trage"},"content":{"rendered":"<p data-start=\"12\" data-end=\"294\">L\u2019actrice d\u2019origine kosovare Luana Bajrami a enregistr\u00e9 un nouveau succ\u00e8s international, puisque le film dans lequel elle joue, &#8220;Deux personnes \u00e9changeant de la salive&#8221; (&#8220;Two People Exchanging Saliva&#8221;), a \u00e9t\u00e9 nomm\u00e9 aux Oscars dans la cat\u00e9gorie du court m\u00e9trage, rapporte albinfo.ch.<\/p>\n<p data-start=\"296\" data-end=\"607\">Le film, une coproduction entre la France et les \u00c9tats Unis d\u2019Am\u00e9rique, a \u00e9t\u00e9 s\u00e9lectionn\u00e9 parmi les cinq projets en lice pour le troph\u00e9e le plus prestigieux du cin\u00e9ma mondial. Bajrami y tient le r\u00f4le principal, Malaise, dans ce film en noir et blanc r\u00e9alis\u00e9 et sc\u00e9naris\u00e9 par Alexandre Singh et Natalie Musteata.<\/p>\n<p data-start=\"609\" data-end=\"1036\">L\u2019histoire se d\u00e9roule dans un Paris dystopique, o\u00f9 les baisers sont interdits et s\u00e9v\u00e8rement punis. Le film aborde les th\u00e8mes de l\u2019attirance, de la rivalit\u00e9 et de la violence stylis\u00e9e \u00e0 travers une com\u00e9die sombre. Le projet a \u00e9t\u00e9 pr\u00e9sent\u00e9 en premi\u00e8re au Festival du film de Telluride et a remport\u00e9 le Grand Prix du Jury \u00e0 l\u2019AFI Fest. Les actrices renomm\u00e9es Julianne Moore et Isabelle Huppert en sont les productrices ex\u00e9cutives.<\/p>\n<p data-start=\"1038\" data-end=\"1300\">Par ailleurs, le film &#8220;Sinners&#8221; du r\u00e9alisateur Ryan Coogler a \u00e9tabli un record en obtenant 16 nominations, le plus grand nombre de nominations dans l\u2019histoire des Oscars, d\u00e9passant ainsi le record auparavant d\u00e9tenu par &#8220;Titanic&#8221;, &#8220;All About Eve&#8221; et &#8220;La La Land&#8221;.<\/p>\n<p data-start=\"1302\" data-end=\"1539\">Outre la nomination pour le Meilleur film, Coogler est \u00e9galement nomm\u00e9 pour la Meilleure r\u00e9alisation et le Meilleur sc\u00e9nario, tandis que Michael B. Jordan a d\u00e9croch\u00e9 sa premi\u00e8re nomination aux Oscars dans la cat\u00e9gorie du Meilleur acteur.<\/p>\n<p data-start=\"1541\" data-end=\"1718\">La 98e c\u00e9r\u00e9monie des Oscars se tiendra au mois de mars et s\u2019annonce comme une \u00e9dition historique, tant par le nombre de records que par la diversit\u00e9 des films nomm\u00e9s.\/Albinfo.ch<\/p>\n","protected":false},"excerpt":{"rendered":"<p>Du Kosovo aux Oscars, Luana Bajrami avec un film nomm\u00e9<\/p>\n","protected":false},"author":6,"featured_media":894900,"comment_status":"closed","ping_status":"closed","sticky":false,"template":"","format":"standard","meta":{"footnotes":""},"categories":[24637,23277,23270,1163,1168],"tags":[],"vendi":[],"content_country":[],"class_list":["post-894987","post","type-post","status-publish","format-standard","has-post-thumbnail","hentry","category-nouvelles-fr-4","category-news-fr","category-at-balkani-fr","category-fr-e-diaspora","category-culture"],"acf":[],"_links":{"self":[{"href":"https:\/\/www.albinfo.at\/fr\/wp-json\/wp\/v2\/posts\/894987","targetHints":{"allow":["GET"]}}],"collection":[{"href":"https:\/\/www.albinfo.at\/fr\/wp-json\/wp\/v2\/posts"}],"about":[{"href":"https:\/\/www.albinfo.at\/fr\/wp-json\/wp\/v2\/types\/post"}],"author":[{"embeddable":true,"href":"https:\/\/www.albinfo.at\/fr\/wp-json\/wp\/v2\/users\/6"}],"replies":[{"embeddable":true,"href":"https:\/\/www.albinfo.at\/fr\/wp-json\/wp\/v2\/comments?post=894987"}],"version-history":[{"count":1,"href":"https:\/\/www.albinfo.at\/fr\/wp-json\/wp\/v2\/posts\/894987\/revisions"}],"predecessor-version":[{"id":894988,"href":"https:\/\/www.albinfo.at\/fr\/wp-json\/wp\/v2\/posts\/894987\/revisions\/894988"}],"wp:featuredmedia":[{"embeddable":true,"href":"https:\/\/www.albinfo.at\/fr\/wp-json\/wp\/v2\/media\/894900"}],"wp:attachment":[{"href":"https:\/\/www.albinfo.at\/fr\/wp-json\/wp\/v2\/media?parent=894987"}],"wp:term":[{"taxonomy":"category","embeddable":true,"href":"https:\/\/www.albinfo.at\/fr\/wp-json\/wp\/v2\/categories?post=894987"},{"taxonomy":"post_tag","embeddable":true,"href":"https:\/\/www.albinfo.at\/fr\/wp-json\/wp\/v2\/tags?post=894987"},{"taxonomy":"vendi","embeddable":true,"href":"https:\/\/www.albinfo.at\/fr\/wp-json\/wp\/v2\/vendi?post=894987"},{"taxonomy":"content_country","embeddable":true,"href":"https:\/\/www.albinfo.at\/fr\/wp-json\/wp\/v2\/content_country?post=894987"}],"curies":[{"name":"wp","href":"https:\/\/api.w.org\/{rel}","templated":true}]}}