{"id":893807,"date":"2026-01-19T22:00:01","date_gmt":"2026-01-19T21:00:01","guid":{"rendered":"https:\/\/www.albinfo.ch\/?p=893807"},"modified":"2026-01-19T23:53:32","modified_gmt":"2026-01-19T22:53:32","slug":"xherdan-shaqiri-et-le-fc-bale-1893-deux-prix-une-fete-historique","status":"publish","type":"post","link":"https:\/\/www.albinfo.at\/fr\/xherdan-shaqiri-et-le-fc-bale-1893-deux-prix-une-fete-historique\/","title":{"rendered":"Xherdan Shaqiri et le FC B\u00e2le 1893: Deux prix, une f\u00eate historique"},"content":{"rendered":"<p data-start=\"15\" data-end=\"190\">Le lundi 19 janvier 2026, la c\u00e9r\u00e9monie de remise des prix &#8221; Basel Sport Champions 2025 &#8221; s\u2019est tenue \u00e0 la St. Jakobshalle. Le FC B\u00e2le 1893 avait doublement raison de c\u00e9l\u00e9brer.<\/p>\n<p data-start=\"192\" data-end=\"469\">En tant que capitaine et figure centrale de l\u2019\u00e9quipe championne, mais aussi joueur originaire de la r\u00e9gion, Xherdan Shaqiri a \u00e9t\u00e9 honor\u00e9 du titre de &#8221; Sportif de l\u2019ann\u00e9e 2025 \u00e0 B\u00e2le &#8220;. De plus, l\u2019\u00e9quipe championne a \u00e9galement \u00e9t\u00e9 distingu\u00e9e et sacr\u00e9e &#8221; \u00c9quipe de B\u00e2le 2025 &#8220;.<\/p>\n<p><iframe loading=\"lazy\" style=\"border: none; overflow: hidden;\" src=\"https:\/\/www.facebook.com\/plugins\/post.php?href=https%3A%2F%2Fwww.facebook.com%2Ffcbasel1893%2Fposts%2Fpfbid0ioHyWbVTgXjHoVnRNDmWEPF7omdJ4amDtYrL1qBCW9aoNHQF5FV9h81u87KocjEsl&amp;show_text=true&amp;width=500\" width=\"500\" height=\"703\" frameborder=\"0\" scrolling=\"no\" allowfullscreen=\"allowfullscreen\" data-mce-fragment=\"1\"><\/iframe><\/p>\n","protected":false},"excerpt":{"rendered":"<p>Le lundi 19 janvier 2026, la c\u00e9r\u00e9monie de remise des prix &#8221; Basel Sport Champions 2025 &#8221; s\u2019est tenue \u00e0 la St. Jakobshalle. Le FC B\u00e2le 1893 avait doublement raison de c\u00e9l\u00e9brer. En tant que capitaine et figure centrale de l\u2019\u00e9quipe championne, mais aussi joueur originaire de la r\u00e9gion, Xherdan Shaqiri a \u00e9t\u00e9 honor\u00e9 du [&hellip;]<\/p>\n","protected":false},"author":6,"featured_media":864569,"comment_status":"closed","ping_status":"closed","sticky":false,"template":"","format":"standard","meta":{"footnotes":""},"categories":[24630,24671,1169,1411,2014],"tags":[],"vendi":[],"content_country":[31835,31838,31840],"class_list":["post-893807","post","type-post","status-publish","format-standard","has-post-thumbnail","hentry","category-nouvelles","category-football","category-sport-fr","category-newsletter-fr","category-newsletter-media-fr","content_country-austria-fr","content_country-germany-fr","content_country-zvicer-fr"],"acf":[],"_links":{"self":[{"href":"https:\/\/www.albinfo.at\/fr\/wp-json\/wp\/v2\/posts\/893807","targetHints":{"allow":["GET"]}}],"collection":[{"href":"https:\/\/www.albinfo.at\/fr\/wp-json\/wp\/v2\/posts"}],"about":[{"href":"https:\/\/www.albinfo.at\/fr\/wp-json\/wp\/v2\/types\/post"}],"author":[{"embeddable":true,"href":"https:\/\/www.albinfo.at\/fr\/wp-json\/wp\/v2\/users\/6"}],"replies":[{"embeddable":true,"href":"https:\/\/www.albinfo.at\/fr\/wp-json\/wp\/v2\/comments?post=893807"}],"version-history":[{"count":1,"href":"https:\/\/www.albinfo.at\/fr\/wp-json\/wp\/v2\/posts\/893807\/revisions"}],"predecessor-version":[{"id":893808,"href":"https:\/\/www.albinfo.at\/fr\/wp-json\/wp\/v2\/posts\/893807\/revisions\/893808"}],"wp:featuredmedia":[{"embeddable":true,"href":"https:\/\/www.albinfo.at\/fr\/wp-json\/wp\/v2\/media\/864569"}],"wp:attachment":[{"href":"https:\/\/www.albinfo.at\/fr\/wp-json\/wp\/v2\/media?parent=893807"}],"wp:term":[{"taxonomy":"category","embeddable":true,"href":"https:\/\/www.albinfo.at\/fr\/wp-json\/wp\/v2\/categories?post=893807"},{"taxonomy":"post_tag","embeddable":true,"href":"https:\/\/www.albinfo.at\/fr\/wp-json\/wp\/v2\/tags?post=893807"},{"taxonomy":"vendi","embeddable":true,"href":"https:\/\/www.albinfo.at\/fr\/wp-json\/wp\/v2\/vendi?post=893807"},{"taxonomy":"content_country","embeddable":true,"href":"https:\/\/www.albinfo.at\/fr\/wp-json\/wp\/v2\/content_country?post=893807"}],"curies":[{"name":"wp","href":"https:\/\/api.w.org\/{rel}","templated":true}]}}