{"id":893704,"date":"2026-01-19T12:36:10","date_gmt":"2026-01-19T11:36:10","guid":{"rendered":"https:\/\/www.albinfo.ch\/?p=893704"},"modified":"2026-01-19T20:41:30","modified_gmt":"2026-01-19T19:41:30","slug":"xhaka-jai-aussi-parle-de-sunderland-avec-lorik-cana","status":"publish","type":"post","link":"https:\/\/www.albinfo.at\/fr\/xhaka-jai-aussi-parle-de-sunderland-avec-lorik-cana\/","title":{"rendered":"Xhaka: J\u2019ai aussi parl\u00e9 de Sunderland avec Lorik Cana"},"content":{"rendered":"<p data-start=\"15\" data-end=\"157\">Granit Xhaka a expliqu\u00e9 comment plusieurs anciens joueurs de Sunderland l\u2019ont aid\u00e9 \u00e0 prendre la d\u00e9cision de rejoindre le club anglais cet \u00e9t\u00e9.<\/p>\n<p data-start=\"159\" data-end=\"305\">Le joueur de 33 ans a reconnu qu\u2019il pensait terminer sa carri\u00e8re en Allemagne, apr\u00e8s avoir sign\u00e9 un contrat \u00e0 long terme avec le Bayer Leverkusen.<\/p>\n<p data-start=\"307\" data-end=\"485\">&#8221; Je ne m\u2019attendais pas \u00e0 revenir en Premier League, mais ma d\u00e9cision est venue tr\u00e8s rapidement &#8220;, a d\u00e9clar\u00e9 Xhaka dans une interview accord\u00e9e \u00e0 FourFourTwo, rapporte albinfo.ch.<\/p>\n<p data-start=\"487\" data-end=\"916\">&#8221; J\u2019ai parl\u00e9 avec Kyril Louis Dreyfus, j\u2019ai parl\u00e9 avec Jermain Defoe et j\u2019ai parl\u00e9 avec Lorik Cana, qui a un parcours similaire au mien et qui a v\u00e9cu une p\u00e9riode exceptionnelle ici \u00e0 Sunderland. Kyril a \u00e9t\u00e9 tr\u00e8s ouvert d\u00e8s le d\u00e9but. Ensuite, quand on commence \u00e0 se projeter dans ce club, on \u00e9change avec les anciens joueurs, et Jermain ainsi que Lorik ont parl\u00e9 en termes tr\u00e8s positifs du club et des supporters &#8220;, a t il ajout\u00e9.<\/p>\n<p data-start=\"918\" data-end=\"974\">Xhaka est \u00e9galement revenu sur son contrat en Allemagne.<\/p>\n<p data-start=\"976\" data-end=\"1230\">&#8221; Quand j\u2019ai quitt\u00e9 Arsenal pour Leverkusen, j\u2019ai sign\u00e9 un contrat de cinq ans. C\u2019\u00e9tait un engagement \u00e0 long terme pour un joueur de 30 ans, car je pensais vouloir finir ma carri\u00e8re en Allemagne, puis voir ce qui se passerait ensuite &#8220;, a soulign\u00e9 Xhaka.<\/p>\n<p data-start=\"1232\" data-end=\"1306\">Le milieu de terrain a mis en avant l\u2019importance de la d\u00e9cision familiale.<\/p>\n<p data-start=\"1308\" data-end=\"1653\">&#8221; Mais apr\u00e8s les discussions avec Sunderland, je me suis retrouv\u00e9 assis avec ma famille en me demandant: &#8220;Que faisons nous?&#8221; \u00c0 ce stade, il ne s\u2019agit plus seulement de moi. Il s\u2019agit de ma femme, de mes enfants, de mon fr\u00e8re et de mes parents. Il est important que nous prenions la bonne d\u00e9cision ensemble, en tant que groupe &#8220;, a t il conclu.<\/p>\n","protected":false},"excerpt":{"rendered":"<p>Le joueur de 33 ans a reconnu qu\u2019il pensait terminer sa carri\u00e8re en Allemagne, apr\u00e8s avoir sign\u00e9 un contrat \u00e0 long terme avec le Bayer Leverkusen<\/p>\n","protected":false},"author":6,"featured_media":873349,"comment_status":"closed","ping_status":"closed","sticky":false,"template":"","format":"standard","meta":{"footnotes":""},"categories":[24671,1169],"tags":[],"vendi":[],"content_country":[],"class_list":["post-893704","post","type-post","status-publish","format-standard","has-post-thumbnail","hentry","category-football","category-sport-fr"],"acf":[],"_links":{"self":[{"href":"https:\/\/www.albinfo.at\/fr\/wp-json\/wp\/v2\/posts\/893704","targetHints":{"allow":["GET"]}}],"collection":[{"href":"https:\/\/www.albinfo.at\/fr\/wp-json\/wp\/v2\/posts"}],"about":[{"href":"https:\/\/www.albinfo.at\/fr\/wp-json\/wp\/v2\/types\/post"}],"author":[{"embeddable":true,"href":"https:\/\/www.albinfo.at\/fr\/wp-json\/wp\/v2\/users\/6"}],"replies":[{"embeddable":true,"href":"https:\/\/www.albinfo.at\/fr\/wp-json\/wp\/v2\/comments?post=893704"}],"version-history":[{"count":1,"href":"https:\/\/www.albinfo.at\/fr\/wp-json\/wp\/v2\/posts\/893704\/revisions"}],"predecessor-version":[{"id":893705,"href":"https:\/\/www.albinfo.at\/fr\/wp-json\/wp\/v2\/posts\/893704\/revisions\/893705"}],"wp:featuredmedia":[{"embeddable":true,"href":"https:\/\/www.albinfo.at\/fr\/wp-json\/wp\/v2\/media\/873349"}],"wp:attachment":[{"href":"https:\/\/www.albinfo.at\/fr\/wp-json\/wp\/v2\/media?parent=893704"}],"wp:term":[{"taxonomy":"category","embeddable":true,"href":"https:\/\/www.albinfo.at\/fr\/wp-json\/wp\/v2\/categories?post=893704"},{"taxonomy":"post_tag","embeddable":true,"href":"https:\/\/www.albinfo.at\/fr\/wp-json\/wp\/v2\/tags?post=893704"},{"taxonomy":"vendi","embeddable":true,"href":"https:\/\/www.albinfo.at\/fr\/wp-json\/wp\/v2\/vendi?post=893704"},{"taxonomy":"content_country","embeddable":true,"href":"https:\/\/www.albinfo.at\/fr\/wp-json\/wp\/v2\/content_country?post=893704"}],"curies":[{"name":"wp","href":"https:\/\/api.w.org\/{rel}","templated":true}]}}