{"id":893557,"date":"2026-01-18T14:40:20","date_gmt":"2026-01-18T13:40:20","guid":{"rendered":"https:\/\/www.albinfo.ch\/?p=893557"},"modified":"2026-01-18T22:46:02","modified_gmt":"2026-01-18T21:46:02","slug":"muriqi-proche-de-lhistoire","status":"publish","type":"post","link":"https:\/\/www.albinfo.at\/fr\/muriqi-proche-de-lhistoire\/","title":{"rendered":"Muriqi proche de l\u2019histoire"},"content":{"rendered":"<p data-start=\"15\" data-end=\"107\">Vedat Muriqi a poursuivi ses prestations impressionnantes dans l\u2019\u00e9lite du football espagnol.<\/p>\n<p data-start=\"109\" data-end=\"246\">Samedi, lors du match de la 20e journ\u00e9e de la Liga espagnole, il a inscrit son premier hat trick depuis son transfert \u00e0 Majorque en 2022.<\/p>\n<p data-start=\"248\" data-end=\"529\">Le joueur de 31 ans a d\u2019abord marqu\u00e9 d\u00e8s la cinqui\u00e8me minute pour ouvrir le score \u00e0 1 \u00e0 0. Puis, \u00e0 la 42e minute, il a manqu\u00e9 un penalty mais a repris le ballon repouss\u00e9 pour porter le score \u00e0 2 \u00e0 1. \u00c0 la 69e minute, il s\u2019est montr\u00e9 pr\u00e9cis depuis le point de penalty pour le 3 \u00e0 2.<\/p>\n<p data-start=\"531\" data-end=\"729\">Les visiteurs ont termin\u00e9 la rencontre sans Gorka Guruzeta, expuls\u00e9 apr\u00e8s un deuxi\u00e8me carton jaune, tandis qu\u2019Unai Gomez, qui n\u2019\u00e9tait pas sur le terrain, a \u00e9t\u00e9 exclu directement par un carton rouge.<\/p>\n<p data-start=\"731\" data-end=\"898\">L\u2019attaquant kosovar compte d\u00e9sormais 14 buts en Liga cette saison et 48 au total dans l\u2019\u00e9lite espagnole. Seul Kylian Mbapp\u00e9 en a marqu\u00e9 davantage avec 19 r\u00e9alisations.<\/p>\n<p data-start=\"900\" data-end=\"1071\">Il lui manque encore sept buts pour devenir le meilleur buteur de l\u2019histoire du club. La l\u00e9gende Samuel Eto\u2019o a inscrit 54 buts en Liga avec Majorque, rapporte albinfo.ch.<\/p>\n<p data-start=\"1073\" data-end=\"1250\">Gr\u00e2ce aux buts inscrits samedi avec Majorque, Muriqi est entr\u00e9 dans l\u2019histoire comme le deuxi\u00e8me meilleur buteur du club, d\u00e9passant l\u2019ancien attaquant v\u00e9n\u00e9zu\u00e9lien Juan Arango.<\/p>\n","protected":false},"excerpt":{"rendered":"<p>Il lui manque encore sept buts pour devenir le meilleur buteur de l\u2019histoire du club. La l\u00e9gende Samuel Eto\u2019o compte 54 buts en Liga avec Majorque<\/p>\n","protected":false},"author":6,"featured_media":893333,"comment_status":"closed","ping_status":"closed","sticky":false,"template":"","format":"standard","meta":{"footnotes":""},"categories":[24671,1169],"tags":[],"vendi":[],"content_country":[],"class_list":["post-893557","post","type-post","status-publish","format-standard","has-post-thumbnail","hentry","category-football","category-sport-fr"],"acf":[],"_links":{"self":[{"href":"https:\/\/www.albinfo.at\/fr\/wp-json\/wp\/v2\/posts\/893557","targetHints":{"allow":["GET"]}}],"collection":[{"href":"https:\/\/www.albinfo.at\/fr\/wp-json\/wp\/v2\/posts"}],"about":[{"href":"https:\/\/www.albinfo.at\/fr\/wp-json\/wp\/v2\/types\/post"}],"author":[{"embeddable":true,"href":"https:\/\/www.albinfo.at\/fr\/wp-json\/wp\/v2\/users\/6"}],"replies":[{"embeddable":true,"href":"https:\/\/www.albinfo.at\/fr\/wp-json\/wp\/v2\/comments?post=893557"}],"version-history":[{"count":1,"href":"https:\/\/www.albinfo.at\/fr\/wp-json\/wp\/v2\/posts\/893557\/revisions"}],"predecessor-version":[{"id":893558,"href":"https:\/\/www.albinfo.at\/fr\/wp-json\/wp\/v2\/posts\/893557\/revisions\/893558"}],"wp:featuredmedia":[{"embeddable":true,"href":"https:\/\/www.albinfo.at\/fr\/wp-json\/wp\/v2\/media\/893333"}],"wp:attachment":[{"href":"https:\/\/www.albinfo.at\/fr\/wp-json\/wp\/v2\/media?parent=893557"}],"wp:term":[{"taxonomy":"category","embeddable":true,"href":"https:\/\/www.albinfo.at\/fr\/wp-json\/wp\/v2\/categories?post=893557"},{"taxonomy":"post_tag","embeddable":true,"href":"https:\/\/www.albinfo.at\/fr\/wp-json\/wp\/v2\/tags?post=893557"},{"taxonomy":"vendi","embeddable":true,"href":"https:\/\/www.albinfo.at\/fr\/wp-json\/wp\/v2\/vendi?post=893557"},{"taxonomy":"content_country","embeddable":true,"href":"https:\/\/www.albinfo.at\/fr\/wp-json\/wp\/v2\/content_country?post=893557"}],"curies":[{"name":"wp","href":"https:\/\/api.w.org\/{rel}","templated":true}]}}