{"id":883541,"date":"2025-12-14T19:00:07","date_gmt":"2025-12-14T18:00:07","guid":{"rendered":"https:\/\/www.albinfo.ch\/?p=883541"},"modified":"2025-12-14T22:02:34","modified_gmt":"2025-12-14T21:02:34","slug":"netzwerk-dua-lintelligence-qui-protege-votre-propriete-en-suisse","status":"publish","type":"post","link":"https:\/\/www.albinfo.at\/fr\/netzwerk-dua-lintelligence-qui-protege-votre-propriete-en-suisse\/","title":{"rendered":"&#8220;Netzwerk Dua &#8220;, l\u2019intelligence qui prot\u00e8ge votre propri\u00e9t\u00e9 en Suisse"},"content":{"rendered":"<p data-start=\"12\" data-end=\"434\">Dans un march\u00e9 o\u00f9 la technologie \u00e9volue rapidement, la s\u00e9curit\u00e9 passe d\u2019une surveillance passive \u00e0 une gestion active et intelligente. Pajtim Gashi, fondateur de l\u2019entreprise suisse Netzwerk Dua, parle de la naissance de l\u2019id\u00e9e, des services intelligents propos\u00e9s aux particuliers et aux entreprises, ainsi que des opportunit\u00e9s dont disposent les entreprises albanaises dans l\u2019industrie de la s\u00e9curit\u00e9 num\u00e9rique en Suisse.<\/p>\n<p data-start=\"436\" data-end=\"509\">albinfo.ch : Monsieur Gashi, comment est n\u00e9e l\u2019id\u00e9e de &#8220;Netzwerk Dua &#8220;?<\/p>\n<p data-start=\"511\" data-end=\"826\">Pajtim Gashi : Elle est n\u00e9e du besoin de standards plus \u00e9lev\u00e9s et de solutions personnalis\u00e9es. Nous voulions cr\u00e9er une entreprise qui ne se contente pas de vendre des \u00e9quipements, mais qui offre confiance, s\u00e9rieux et professionnalisme, un partenaire qui prend r\u00e9ellement soin de la s\u00e9curit\u00e9 et du confort du client.<\/p>\n<p data-start=\"828\" data-end=\"913\">albinfo.ch : Qu\u2019est ce qui vous a orient\u00e9 pr\u00e9cis\u00e9ment vers la s\u00e9curit\u00e9 \u00e9lectronique ?<\/p>\n<p><strong><a href=\"https:\/\/www.albinfo.ch\/wp-content\/uploads\/2025\/12\/pajtim-gashi-2.jpg\"><img loading=\"lazy\" decoding=\"async\" class=\"alignnone size-large wp-image-883403\" src=\"https:\/\/www.albinfo.ch\/wp-content\/uploads\/2025\/12\/pajtim-gashi-2-1024x704.jpg\" alt=\"\" width=\"640\" height=\"440\" srcset=\"https:\/\/www.albinfo.at\/wp-content\/uploads\/2025\/12\/pajtim-gashi-2-1024x704.jpg 1024w, https:\/\/www.albinfo.at\/wp-content\/uploads\/2025\/12\/pajtim-gashi-2-300x206.jpg 300w, https:\/\/www.albinfo.at\/wp-content\/uploads\/2025\/12\/pajtim-gashi-2-768x528.jpg 768w, https:\/\/www.albinfo.at\/wp-content\/uploads\/2025\/12\/pajtim-gashi-2-576x396.jpg 576w, https:\/\/www.albinfo.at\/wp-content\/uploads\/2025\/12\/pajtim-gashi-2-146x100.jpg 146w, https:\/\/www.albinfo.at\/wp-content\/uploads\/2025\/12\/pajtim-gashi-2-255x175.jpg 255w, https:\/\/www.albinfo.at\/wp-content\/uploads\/2025\/12\/pajtim-gashi-2.jpg 1455w\" sizes=\"auto, (max-width: 640px) 100vw, 640px\" \/><\/a><\/strong><\/p>\n<p data-start=\"12\" data-end=\"298\">Pajtim Gashi : La passion pour la technologie et la conviction que la s\u00e9curit\u00e9 est un besoin fondamental. De nombreux clients recherchaient des solutions intelligentes et un accompagnement professionnel. C\u2019est pourquoi nous avons d\u00e9velopp\u00e9 un mod\u00e8le qui combine innovation et fiabilit\u00e9.<\/p>\n<p data-start=\"300\" data-end=\"349\">albinfo.ch : Quels sont vos principaux services ?<\/p>\n<p data-start=\"351\" data-end=\"655\">Pajtim Gashi : Des solutions int\u00e9gr\u00e9es en vid\u00e9osurveillance avec analytique, alarmes et d\u00e9tection incendie, contr\u00f4le d\u2019acc\u00e8s et interphonie, r\u00e9seaux et c\u00e2blage structur\u00e9, SmartHome et SmartOffice, ainsi que maintenance et conseil. Chaque projet est personnalis\u00e9 et pens\u00e9 pour une durabilit\u00e9 \u00e0 long terme.<\/p>\n<p data-start=\"657\" data-end=\"744\">albinfo.ch : Qu\u2019est ce qui distingue un syst\u00e8me intelligent d\u2019un syst\u00e8me traditionnel ?<\/p>\n<p data-start=\"746\" data-end=\"1000\">Pajtim Gashi : Le syst\u00e8me traditionnel r\u00e9agit apr\u00e8s l\u2019incident. La solution intelligente est proactive. Elle analyse, pr\u00e9vient, alerte en temps r\u00e9el et se g\u00e8re \u00e0 distance. C\u2019est un passage du simple r\u00f4le de gardien \u00e0 celui de gestionnaire de la s\u00e9curit\u00e9.<\/p>\n<p data-start=\"1002\" data-end=\"1093\">albinfo.ch : Proposez vous des solutions SmartHome et quel est leur lien avec la s\u00e9curit\u00e9 ?<\/p>\n<p data-start=\"1095\" data-end=\"1370\">Pajtim Gashi : Oui. Le SmartHome am\u00e9liore le confort et l\u2019efficacit\u00e9 \u00e9nerg\u00e9tique, tout en renfor\u00e7ant la s\u00e9curit\u00e9. L\u2019\u00e9clairage, le chauffage, les capteurs et les cam\u00e9ras sont reli\u00e9s \u00e0 une seule plateforme qui r\u00e9agit imm\u00e9diatement et informe le propri\u00e9taire o\u00f9 qu\u2019il se trouve.<\/p>\n<p data-start=\"1372\" data-end=\"1467\">albinfo.ch : Comment garantissez vous les standards suisses et la protection de la vie priv\u00e9e ?<\/p>\n<p data-start=\"1469\" data-end=\"1741\">Pajtim Gashi : Nous utilisons uniquement des technologies certifi\u00e9es ISO, appliquons des protocoles d\u2019installation stricts et fournissons une documentation compl\u00e8te. La conformit\u00e9 l\u00e9gale et la protection des donn\u00e9es sont aussi essentielles que la fonctionnalit\u00e9 elle m\u00eame.<\/p>\n<p><strong><a href=\"https:\/\/www.albinfo.ch\/wp-content\/uploads\/2025\/12\/pajtim-gashi-3.jpg\"><img loading=\"lazy\" decoding=\"async\" class=\"alignnone size-large wp-image-883406\" src=\"https:\/\/www.albinfo.ch\/wp-content\/uploads\/2025\/12\/pajtim-gashi-3-1024x715.jpg\" alt=\"\" width=\"640\" height=\"447\" srcset=\"https:\/\/www.albinfo.at\/wp-content\/uploads\/2025\/12\/pajtim-gashi-3-1024x715.jpg 1024w, https:\/\/www.albinfo.at\/wp-content\/uploads\/2025\/12\/pajtim-gashi-3-300x209.jpg 300w, https:\/\/www.albinfo.at\/wp-content\/uploads\/2025\/12\/pajtim-gashi-3-768x536.jpg 768w, https:\/\/www.albinfo.at\/wp-content\/uploads\/2025\/12\/pajtim-gashi-3-567x396.jpg 567w, https:\/\/www.albinfo.at\/wp-content\/uploads\/2025\/12\/pajtim-gashi-3-143x100.jpg 143w, https:\/\/www.albinfo.at\/wp-content\/uploads\/2025\/12\/pajtim-gashi-3-251x175.jpg 251w, https:\/\/www.albinfo.at\/wp-content\/uploads\/2025\/12\/pajtim-gashi-3.jpg 1433w\" sizes=\"auto, (max-width: 640px) 100vw, 640px\" \/><\/a><\/strong><\/p>\n<blockquote>\n<p data-start=\"12\" data-end=\"107\">albinfo.ch : Quels avantages le client tire t il des technologies modernes que vous installez ?<\/p>\n<p data-start=\"109\" data-end=\"349\">Pajtim Gashi : Une s\u00e9curit\u00e9 24 h sur 24 et 7 jours sur 7, la pr\u00e9vention gr\u00e2ce \u00e0 l\u2019analytique, une gestion centralis\u00e9e et mobile, l\u2019int\u00e9gration avec des automatisations ainsi qu\u2019un accompagnement professionnel pour un fonctionnement durable.<\/p>\n<p data-start=\"351\" data-end=\"445\">albinfo.ch : Comment travaillez vous avec les clients, de la consultation \u00e0 la mise en \u0153uvre ?<\/p>\n<p data-start=\"447\" data-end=\"704\">Pajtim Gashi : Nous commen\u00e7ons par une analyse des risques, proposons des recommandations techniques, \u00e9laborons un plan d\u2019int\u00e9gration, assurons une mise en \u0153uvre professionnelle et offrons le suivi et les mises \u00e0 jour. L\u2019approche est toujours personnalis\u00e9e.<\/p>\n<p data-start=\"706\" data-end=\"771\">albinfo.ch : Quelles technologies utilisez vous le plus souvent ?<\/p>\n<p data-start=\"773\" data-end=\"988\">Pajtim Gashi : Des cam\u00e9ras IP \u00e0 haute r\u00e9solution avec analytique, des syst\u00e8mes d\u2019alarme Ajax avec notifications imm\u00e9diates, l\u2019int\u00e9gration SmartHome et une gestion centralis\u00e9e, le tout conforme aux standards suisses.<\/p>\n<p data-start=\"990\" data-end=\"1058\">albinfo.ch : Qui sont vos clients, les familles ou les entreprises ?<\/p>\n<p data-start=\"1060\" data-end=\"1316\">Pajtim Gashi : Les deux. Les familles recherchent la s\u00e9curit\u00e9 et le confort avec le SmartHome, tandis que les entreprises privil\u00e9gient l\u2019int\u00e9gration, la conformit\u00e9 et la protection des actifs et des donn\u00e9es. Nos solutions sont \u00e9volutives selon les besoins.<\/p>\n<p data-start=\"1318\" data-end=\"1391\">albinfo.ch : Comment \u00e9volue la demande en mati\u00e8re de s\u00e9curit\u00e9 en Suisse ?<\/p>\n<p data-start=\"1393\" data-end=\"1689\">Pajtim Gashi : Elle est en croissance constante. Les solutions qui combinent s\u00e9curit\u00e9 physique et num\u00e9rique sont de plus en plus recherch\u00e9es, tout en respectant les r\u00e9glementations sur la protection de la vie priv\u00e9e. L\u2019accent est mis sur des plateformes centralis\u00e9es et une gestion en temps r\u00e9el.<\/p>\n<p data-start=\"1691\" data-end=\"1731\">albinfo.ch : Vos projets \u00e0 court terme ?<\/p>\n<p data-start=\"1733\" data-end=\"1944\">Pajtim Gashi : L\u2019extension des services, de nouveaux produits avec des automatisations avanc\u00e9es et une digitalisation accrue, afin que le client dispose d\u2019un contr\u00f4le total et d\u2019une vision op\u00e9rationnelle claire.<\/p>\n<p data-start=\"1946\" data-end=\"2047\">albinfo.ch : Un message pour les jeunes qui souhaitent faire carri\u00e8re dans la s\u00e9curit\u00e9 intelligente ?<\/p>\n<p data-start=\"2049\" data-end=\"2225\">Pajtim Gashi : Investissez dans les connaissances et l\u2019\u00e9thique. Ce domaine est dynamique et gratifiant pour ceux qui apprennent en continu et d\u00e9veloppent des solutions fiables.<\/p>\n<p><strong><a href=\"https:\/\/www.albinfo.ch\/wp-content\/uploads\/2025\/12\/pajtim-gashi-6.jpg\"><img loading=\"lazy\" decoding=\"async\" class=\"alignnone size-large wp-image-883409\" src=\"https:\/\/www.albinfo.ch\/wp-content\/uploads\/2025\/12\/pajtim-gashi-6-1024x682.jpg\" alt=\"\" width=\"640\" height=\"426\" srcset=\"https:\/\/www.albinfo.at\/wp-content\/uploads\/2025\/12\/pajtim-gashi-6-1024x682.jpg 1024w, https:\/\/www.albinfo.at\/wp-content\/uploads\/2025\/12\/pajtim-gashi-6-300x200.jpg 300w, https:\/\/www.albinfo.at\/wp-content\/uploads\/2025\/12\/pajtim-gashi-6-768x512.jpg 768w, https:\/\/www.albinfo.at\/wp-content\/uploads\/2025\/12\/pajtim-gashi-6-586x389.jpg 586w, https:\/\/www.albinfo.at\/wp-content\/uploads\/2025\/12\/pajtim-gashi-6-210x141.jpg 210w, https:\/\/www.albinfo.at\/wp-content\/uploads\/2025\/12\/pajtim-gashi-6-587x391.jpg 587w, https:\/\/www.albinfo.at\/wp-content\/uploads\/2025\/12\/pajtim-gashi-6-150x100.jpg 150w, https:\/\/www.albinfo.at\/wp-content\/uploads\/2025\/12\/pajtim-gashi-6-263x175.jpg 263w, https:\/\/www.albinfo.at\/wp-content\/uploads\/2025\/12\/pajtim-gashi-6.jpg 1501w\" sizes=\"auto, (max-width: 640px) 100vw, 640px\" \/><\/a><\/strong><\/p>\n<p data-start=\"12\" data-end=\"48\">NETZWERK DUA : ce que nous proposons<\/p>\n<p data-start=\"50\" data-end=\"320\">CCTV avec analytique avanc\u00e9e<br data-start=\"78\" data-end=\"81\" \/>Alarmes et d\u00e9tection incendie certifi\u00e9es<br data-start=\"121\" data-end=\"124\" \/>Contr\u00f4le d\u2019acc\u00e8s et interphonie<br data-start=\"155\" data-end=\"158\" \/>R\u00e9seaux et c\u00e2blage structur\u00e9, IT<br data-start=\"190\" data-end=\"193\" data-is-only-node=\"\" \/>SmartHome et SmartOffice, automatisation et gestion \u00e0 distance<br data-start=\"255\" data-end=\"258\" \/>Conseil, maintenance et documentation compl\u00e8te de conformit\u00e9<\/p>\n<p>&nbsp;<\/p>\n<p><a href=\"https:\/\/www.albinfo.ch\/wp-content\/uploads\/2025\/12\/pajtim-gashi-4-rotated-e1765716545335.jpg\"><img loading=\"lazy\" decoding=\"async\" class=\"alignnone size-full wp-image-883412\" src=\"https:\/\/www.albinfo.ch\/wp-content\/uploads\/2025\/12\/pajtim-gashi-4-rotated-e1765716545335.jpg\" alt=\"\" width=\"666\" height=\"837\" srcset=\"https:\/\/www.albinfo.at\/wp-content\/uploads\/2025\/12\/pajtim-gashi-4-rotated-e1765716545335.jpg 666w, https:\/\/www.albinfo.at\/wp-content\/uploads\/2025\/12\/pajtim-gashi-4-rotated-e1765716545335-239x300.jpg 239w, https:\/\/www.albinfo.at\/wp-content\/uploads\/2025\/12\/pajtim-gashi-4-rotated-e1765716545335-315x396.jpg 315w, https:\/\/www.albinfo.at\/wp-content\/uploads\/2025\/12\/pajtim-gashi-4-rotated-e1765716545335-80x100.jpg 80w, https:\/\/www.albinfo.at\/wp-content\/uploads\/2025\/12\/pajtim-gashi-4-rotated-e1765716545335-139x175.jpg 139w\" sizes=\"auto, (max-width: 666px) 100vw, 666px\" \/><\/a><\/p>\n<p data-start=\"12\" data-end=\"172\">Technologies cl\u00e9s : cam\u00e9ras IP, syst\u00e8mes d\u2019alarme Ajax, int\u00e9gration cloud et mobile, normes ISO et r\u00e9glementations suisses en mati\u00e8re de protection des donn\u00e9es.<\/p>\n<p data-start=\"174\" data-end=\"341\">&#8221; Le passage d\u2019un syst\u00e8me traditionnel \u00e0 un syst\u00e8me intelligent signifie passer d\u2019une surveillance passive \u00e0 une gestion active de la s\u00e9curit\u00e9 &#8220;, d\u00e9clare Pajtim Gashi.<\/p>\n<p data-start=\"343\" data-end=\"464\">&#8220;Nous ne vendons pas des \u00e9quipements, nous construisons la confiance gr\u00e2ce \u00e0 des solutions personnalis\u00e9es et durables. &#8220;<\/p>\n<p data-start=\"466\" data-end=\"513\">Plus d\u2019informations :<br data-start=\"487\" data-end=\"490\" \/><a class=\"decorated-link\" href=\"https:\/\/netzwerkdua.ch\/\" target=\"_new\" rel=\"noopener\" data-start=\"490\" data-end=\"513\">https:\/\/netzwerkdua.ch\/<\/a><\/p>\n<p data-start=\"515\" data-end=\"537\">Photo : Genti Mersinaj<\/p>\n<\/blockquote>\n<p>&nbsp;<\/p>\n","protected":false},"excerpt":{"rendered":"<p>Pajtim Gashi : &#8220;Nous voulions une entreprise qui ne se limite pas \u00e0 vendre des \u00e9quipements, mais qui offre confiance, s\u00e9rieux et professionnalisme, et c\u2019est ainsi que nous avons cr\u00e9\u00e9 \u201cNetzwerk Dua\u201d. &#8220;<\/p>\n","protected":false},"author":6,"featured_media":883401,"comment_status":"closed","ping_status":"closed","sticky":false,"template":"","format":"standard","meta":{"footnotes":""},"categories":[34916,34925,24637,1164,18826,24692,24696,1163,1170],"tags":[],"vendi":[],"content_country":[],"class_list":["post-883541","post","type-post","status-publish","format-standard","has-post-thumbnail","hentry","category-marketing-jeta-ne-zvicer-fr","category-portraits-dentreprises","category-nouvelles-fr-4","category-integration-fr","category-lajme-jeta-ne-zvicer-fr","category-curiosites","category-autotech-fr","category-fr-e-diaspora","category-vivre-en-suisse"],"acf":[],"_links":{"self":[{"href":"https:\/\/www.albinfo.at\/fr\/wp-json\/wp\/v2\/posts\/883541","targetHints":{"allow":["GET"]}}],"collection":[{"href":"https:\/\/www.albinfo.at\/fr\/wp-json\/wp\/v2\/posts"}],"about":[{"href":"https:\/\/www.albinfo.at\/fr\/wp-json\/wp\/v2\/types\/post"}],"author":[{"embeddable":true,"href":"https:\/\/www.albinfo.at\/fr\/wp-json\/wp\/v2\/users\/6"}],"replies":[{"embeddable":true,"href":"https:\/\/www.albinfo.at\/fr\/wp-json\/wp\/v2\/comments?post=883541"}],"version-history":[{"count":2,"href":"https:\/\/www.albinfo.at\/fr\/wp-json\/wp\/v2\/posts\/883541\/revisions"}],"predecessor-version":[{"id":883546,"href":"https:\/\/www.albinfo.at\/fr\/wp-json\/wp\/v2\/posts\/883541\/revisions\/883546"}],"wp:featuredmedia":[{"embeddable":true,"href":"https:\/\/www.albinfo.at\/fr\/wp-json\/wp\/v2\/media\/883401"}],"wp:attachment":[{"href":"https:\/\/www.albinfo.at\/fr\/wp-json\/wp\/v2\/media?parent=883541"}],"wp:term":[{"taxonomy":"category","embeddable":true,"href":"https:\/\/www.albinfo.at\/fr\/wp-json\/wp\/v2\/categories?post=883541"},{"taxonomy":"post_tag","embeddable":true,"href":"https:\/\/www.albinfo.at\/fr\/wp-json\/wp\/v2\/tags?post=883541"},{"taxonomy":"vendi","embeddable":true,"href":"https:\/\/www.albinfo.at\/fr\/wp-json\/wp\/v2\/vendi?post=883541"},{"taxonomy":"content_country","embeddable":true,"href":"https:\/\/www.albinfo.at\/fr\/wp-json\/wp\/v2\/content_country?post=883541"}],"curies":[{"name":"wp","href":"https:\/\/api.w.org\/{rel}","templated":true}]}}