{"id":881064,"date":"2025-12-08T18:45:47","date_gmt":"2025-12-08T17:45:47","guid":{"rendered":"https:\/\/www.albinfo.ch\/?p=881064"},"modified":"2025-12-09T00:14:30","modified_gmt":"2025-12-08T23:14:30","slug":"le-kosovo-est-officiellement-inclus-par-lunion-europeenne-comme-pays-sur-dasile","status":"publish","type":"post","link":"https:\/\/www.albinfo.at\/fr\/le-kosovo-est-officiellement-inclus-par-lunion-europeenne-comme-pays-sur-dasile\/","title":{"rendered":"Le Kosovo est officiellement inclus par l\u2019Union europ\u00e9enne comme pays s\u00fbr d\u2019asile"},"content":{"rendered":"<p data-start=\"136\" data-end=\"240\">L\u2019Union europ\u00e9enne a d\u00e9sign\u00e9 le Kosovo et sept autres pays comme &#8220;s\u00fbrs &#8220;pour l\u2019asile.<\/p>\n<p data-start=\"242\" data-end=\"497\">Il est indiqu\u00e9 que le Conseil est parvenu \u00e0 un accord sur sa position concernant deux parties de la l\u00e9gislation europ\u00e9enne qui renforceront l\u2019application pratique des principaux concepts li\u00e9s aux pays consid\u00e9r\u00e9s comme s\u00fbrs dans les r\u00e8gles d\u2019asile de l\u2019UE.<\/p>\n<p data-start=\"499\" data-end=\"721\">Selon l\u2019annonce, ces nouvelles lois europ\u00e9ennes sur la migration visent \u00e0 instaurer des proc\u00e9dures d\u2019asile plus rapides et plus efficaces pour les personnes qui ne devraient pas b\u00e9n\u00e9ficier d\u2019une protection au sein de l\u2019UE.<\/p>\n<p data-start=\"723\" data-end=\"1073\">Le ministre danois de l\u2019Immigration et de l\u2019Int\u00e9gration, Rasmus Stoklund, a d\u00e9clar\u00e9 qu\u2019il est satisfait d\u2019\u00eatre parvenu \u00e0 un accord sur une approche commune concernant la r\u00e9vision du concept de &#8220;pays tiers s\u00fbr &#8220;, ce qui permet aux \u00c9tats membres de conclure des accords avec des pays tiers s\u00fbrs pour traiter les demandes d\u2019asile en dehors de l\u2019Europe.<\/p>\n<p data-start=\"1075\" data-end=\"1491\">Selon la d\u00e9cision du Conseil, le Kosovo est inclus comme pays d\u2019origine s\u00fbr. Cela signifie que les demandes d\u2019asile d\u00e9pos\u00e9es par des citoyens kosovars peuvent \u00eatre examin\u00e9es selon une proc\u00e9dure acc\u00e9l\u00e9r\u00e9e. L\u2019inscription du Kosovo sur cette liste repose sur l\u2019\u00e9valuation selon laquelle le pays offre une protection suffisante contre la pers\u00e9cution et les violations graves des droits fondamentaux, rapporte albinfo.ch.<\/p>\n<p data-start=\"1493\" data-end=\"1697\">Cependant, cela ne signifie pas que toute demande d\u2019asile provenant du Kosovo sera automatiquement rejet\u00e9e. Chaque demande individuelle peut \u00eatre examin\u00e9e si des motifs sp\u00e9cifiques de protection existent.<\/p>\n<p data-start=\"1699\" data-end=\"1883\">L\u2019annonce pr\u00e9cise que le nouveau r\u00e8glement, qui revoit le concept de pays tiers s\u00fbr, \u00e9largira les circonstances dans lesquelles une demande d\u2019asile peut \u00eatre refus\u00e9e comme irrecevable.<\/p>\n<p data-start=\"1885\" data-end=\"2084\">Outre le Kosovo, le Conseil a \u00e9galement convenu que les pays suivants soient d\u00e9finis comme pays d\u2019origine s\u00fbrs au niveau de l\u2019UE: le Bangladesh, la Colombie, l\u2019\u00c9gypte, l\u2019Inde, le Maroc et la Tunisie.<\/p>\n","protected":false},"excerpt":{"rendered":"<p>L\u2019Union europ\u00e9enne a d\u00e9sign\u00e9 le Kosovo et sept autres pays comme &#8220;s\u00fbrs &#8220;pour l\u2019asile. Il est indiqu\u00e9 que le Conseil est parvenu \u00e0 un accord sur sa position concernant deux parties de la l\u00e9gislation europ\u00e9enne qui renforceront l\u2019application pratique des principaux concepts li\u00e9s aux pays consid\u00e9r\u00e9s comme s\u00fbrs dans les r\u00e8gles d\u2019asile de l\u2019UE. Selon [&hellip;]<\/p>\n","protected":false},"author":6,"featured_media":806991,"comment_status":"closed","ping_status":"closed","sticky":false,"template":"","format":"standard","meta":{"footnotes":""},"categories":[33083,23270,24620,24634,1159],"tags":[],"vendi":[],"content_country":[],"class_list":["post-881064","post","type-post","status-publish","format-standard","has-post-thumbnail","hentry","category-de-balkani-fr","category-at-balkani-fr","category-kosova-fr-2","category-nouvelles-fr-3","category-ch-balkans"],"acf":[],"_links":{"self":[{"href":"https:\/\/www.albinfo.at\/fr\/wp-json\/wp\/v2\/posts\/881064","targetHints":{"allow":["GET"]}}],"collection":[{"href":"https:\/\/www.albinfo.at\/fr\/wp-json\/wp\/v2\/posts"}],"about":[{"href":"https:\/\/www.albinfo.at\/fr\/wp-json\/wp\/v2\/types\/post"}],"author":[{"embeddable":true,"href":"https:\/\/www.albinfo.at\/fr\/wp-json\/wp\/v2\/users\/6"}],"replies":[{"embeddable":true,"href":"https:\/\/www.albinfo.at\/fr\/wp-json\/wp\/v2\/comments?post=881064"}],"version-history":[{"count":1,"href":"https:\/\/www.albinfo.at\/fr\/wp-json\/wp\/v2\/posts\/881064\/revisions"}],"predecessor-version":[{"id":881065,"href":"https:\/\/www.albinfo.at\/fr\/wp-json\/wp\/v2\/posts\/881064\/revisions\/881065"}],"wp:featuredmedia":[{"embeddable":true,"href":"https:\/\/www.albinfo.at\/fr\/wp-json\/wp\/v2\/media\/806991"}],"wp:attachment":[{"href":"https:\/\/www.albinfo.at\/fr\/wp-json\/wp\/v2\/media?parent=881064"}],"wp:term":[{"taxonomy":"category","embeddable":true,"href":"https:\/\/www.albinfo.at\/fr\/wp-json\/wp\/v2\/categories?post=881064"},{"taxonomy":"post_tag","embeddable":true,"href":"https:\/\/www.albinfo.at\/fr\/wp-json\/wp\/v2\/tags?post=881064"},{"taxonomy":"vendi","embeddable":true,"href":"https:\/\/www.albinfo.at\/fr\/wp-json\/wp\/v2\/vendi?post=881064"},{"taxonomy":"content_country","embeddable":true,"href":"https:\/\/www.albinfo.at\/fr\/wp-json\/wp\/v2\/content_country?post=881064"}],"curies":[{"name":"wp","href":"https:\/\/api.w.org\/{rel}","templated":true}]}}