{"id":881055,"date":"2025-12-08T19:00:53","date_gmt":"2025-12-08T18:00:53","guid":{"rendered":"https:\/\/www.albinfo.ch\/?p=881055"},"modified":"2025-12-09T00:02:41","modified_gmt":"2025-12-08T23:02:41","slug":"ou-en-suisse-est-ce-un-jour-ferie-aujourdhui-et-pourquoi","status":"publish","type":"post","link":"https:\/\/www.albinfo.at\/fr\/ou-en-suisse-est-ce-un-jour-ferie-aujourdhui-et-pourquoi\/","title":{"rendered":"O\u00f9 en Suisse est ce un jour f\u00e9ri\u00e9 aujourd\u2019hui et pourquoi"},"content":{"rendered":"<p data-start=\"104\" data-end=\"261\">Vous pouvez savoir que le 8 d\u00e9cembre est la f\u00eate de l\u2019Immacul\u00e9e Conception et qu\u2019il s\u2019agit d\u2019un jour f\u00e9ri\u00e9 dans de nombreux cantons suisses.<\/p>\n<p data-start=\"263\" data-end=\"453\">Cette ann\u00e9e, le 8 d\u00e9cembre tombe un lundi, ce qui signifie que les travailleurs des 13 cantons et communes suisses principalement catholiques o\u00f9 la f\u00eate est c\u00e9l\u00e9br\u00e9e auront un jour de cong\u00e9.<\/p>\n<p data-start=\"455\" data-end=\"494\">Qu\u2019est ce que l\u2019on c\u00e9l\u00e8bre exactement<\/p>\n<p data-start=\"496\" data-end=\"886\">Cette f\u00eate catholique marque l\u2019Immacul\u00e9e Conception, que beaucoup pourraient imaginer comme la conception de J\u00e9sus par Marie.<br data-start=\"621\" data-end=\"624\" \/>En r\u00e9alit\u00e9, elle comm\u00e9more la conception de Marie elle m\u00eame. Sa m\u00e8re, sainte Anne, est tomb\u00e9e enceinte de mani\u00e8re normale et biologique, selon la croyance catholique, mais la conception fut immacul\u00e9e parce que Dieu intervint pour lib\u00e9rer Marie du p\u00e9ch\u00e9 originel.<\/p>\n<p data-start=\"888\" data-end=\"1290\">Selon la doctrine catholique, tous les \u00eatres humains naissent avec le p\u00e9ch\u00e9 originel, raison pour laquelle les nouveau n\u00e9s sont baptis\u00e9s imm\u00e9diatement apr\u00e8s la naissance afin qu\u2019ils soient jug\u00e9s dignes d\u2019entrer au Paradis. Mais Marie n\u2019a jamais \u00e9t\u00e9 marqu\u00e9e par le p\u00e9ch\u00e9 originel et est rest\u00e9e immacul\u00e9e d\u00e8s le moment de sa conception, car Dieu savait qu\u2019elle donnerait un jour naissance \u00e0 J\u00e9sus Christ.<\/p>\n<p data-start=\"1292\" data-end=\"1478\">Bien que cette f\u00eate soit c\u00e9l\u00e9br\u00e9e depuis le septi\u00e8me si\u00e8cle, le 8 d\u00e9cembre a \u00e9t\u00e9 proclam\u00e9 officiellement pour la premi\u00e8re fois comme jour saint par le Vatican en 1854 par le pape Pie IX.<\/p>\n<p data-start=\"1480\" data-end=\"1507\">Comment est elle c\u00e9l\u00e9br\u00e9e<\/p>\n<p data-start=\"1509\" data-end=\"1943\">Pour certaines personnes, cette date signifie un jour de repos lorsqu\u2019elle tombe en semaine et une occasion de se r\u00e9unir autour d\u2019un repas familial.<br data-start=\"1657\" data-end=\"1660\" \/>Cependant, si la f\u00eate tombe un week end, comme par exemple le dimanche de P\u00e2ques, aucun autre jour de cong\u00e9 n\u2019est accord\u00e9, m\u00eame si certaines \u00e9glises ont d\u00e9j\u00e0 d\u00e9plac\u00e9 leur office au lendemain lorsque la f\u00eate co\u00efncidait avec un dimanche de l\u2019Avent, \u00e9crit thelocal, rapporte albinfo.ch.<\/p>\n<p data-start=\"1945\" data-end=\"2181\">La Suisse compte de nombreuses \u00e9glises et chapelles d\u00e9di\u00e9es \u00e0 Marie que l\u2019on retrouve dans diff\u00e9rentes r\u00e9gions du pays comme St. Marien \u00e0 B\u00e2le, Marienkirche \u00e0 Berne ou encore le sanctuaire de p\u00e8lerinage Madonna del Sasso dans le Tessin.<\/p>\n<p data-start=\"2183\" data-end=\"2211\">Quels cantons la c\u00e9l\u00e8brent<\/p>\n<p data-start=\"2213\" data-end=\"2777\">C\u2019est un jour f\u00e9ri\u00e9 dans les cantons d\u2019Appenzell Rhodes Int\u00e9rieures, Fribourg, Lucerne, Nidwald, Obwald, Schwytz, Tessin, Uri, Valais et Zoug.<br data-start=\"2355\" data-end=\"2358\" \/>Elle est \u00e9galement c\u00e9l\u00e9br\u00e9e dans presque tout le canton de Soleure, \u00e0 l\u2019exception du district de Bucheggberg.<br data-start=\"2467\" data-end=\"2470\" \/>Dans le canton d\u2019Argovie, la f\u00eate n\u2019est officielle qu\u2019\u00e0 Laufenburg, Muri et certaines parties de Rheinfelden comme Hellikon, Mumpf, Obermumpf, Schupfart, Stein et Wegstetten.<br data-start=\"2644\" data-end=\"2647\" \/>L\u2019Immacul\u00e9e Conception est aussi un jour f\u00e9ri\u00e9 dans certaines r\u00e9gions des Grisons, bien que non reconnu dans l\u2019ensemble du canton.<\/p>\n","protected":false},"excerpt":{"rendered":"<p>Vous pouvez savoir que le 8 d\u00e9cembre est la f\u00eate de l\u2019Immacul\u00e9e Conception et qu\u2019il s\u2019agit d\u2019un jour f\u00e9ri\u00e9 dans de nombreux cantons suisses. Cette ann\u00e9e, le 8 d\u00e9cembre tombe un lundi, ce qui signifie que les travailleurs des 13 cantons et communes suisses principalement catholiques o\u00f9 la f\u00eate est c\u00e9l\u00e9br\u00e9e auront un jour de [&hellip;]<\/p>\n","protected":false},"author":6,"featured_media":665363,"comment_status":"closed","ping_status":"closed","sticky":false,"template":"","format":"standard","meta":{"footnotes":""},"categories":[34914,24632],"tags":[],"vendi":[],"content_country":[],"class_list":["post-881055","post","type-post","status-publish","format-standard","has-post-thumbnail","hentry","category-la-vie-en-allemagne","category-nouvelles-fr"],"acf":[],"_links":{"self":[{"href":"https:\/\/www.albinfo.at\/fr\/wp-json\/wp\/v2\/posts\/881055","targetHints":{"allow":["GET"]}}],"collection":[{"href":"https:\/\/www.albinfo.at\/fr\/wp-json\/wp\/v2\/posts"}],"about":[{"href":"https:\/\/www.albinfo.at\/fr\/wp-json\/wp\/v2\/types\/post"}],"author":[{"embeddable":true,"href":"https:\/\/www.albinfo.at\/fr\/wp-json\/wp\/v2\/users\/6"}],"replies":[{"embeddable":true,"href":"https:\/\/www.albinfo.at\/fr\/wp-json\/wp\/v2\/comments?post=881055"}],"version-history":[{"count":1,"href":"https:\/\/www.albinfo.at\/fr\/wp-json\/wp\/v2\/posts\/881055\/revisions"}],"predecessor-version":[{"id":881056,"href":"https:\/\/www.albinfo.at\/fr\/wp-json\/wp\/v2\/posts\/881055\/revisions\/881056"}],"wp:featuredmedia":[{"embeddable":true,"href":"https:\/\/www.albinfo.at\/fr\/wp-json\/wp\/v2\/media\/665363"}],"wp:attachment":[{"href":"https:\/\/www.albinfo.at\/fr\/wp-json\/wp\/v2\/media?parent=881055"}],"wp:term":[{"taxonomy":"category","embeddable":true,"href":"https:\/\/www.albinfo.at\/fr\/wp-json\/wp\/v2\/categories?post=881055"},{"taxonomy":"post_tag","embeddable":true,"href":"https:\/\/www.albinfo.at\/fr\/wp-json\/wp\/v2\/tags?post=881055"},{"taxonomy":"vendi","embeddable":true,"href":"https:\/\/www.albinfo.at\/fr\/wp-json\/wp\/v2\/vendi?post=881055"},{"taxonomy":"content_country","embeddable":true,"href":"https:\/\/www.albinfo.at\/fr\/wp-json\/wp\/v2\/content_country?post=881055"}],"curies":[{"name":"wp","href":"https:\/\/api.w.org\/{rel}","templated":true}]}}