{"id":880497,"date":"2025-12-05T19:40:20","date_gmt":"2025-12-05T18:40:20","guid":{"rendered":"https:\/\/www.albinfo.ch\/?p=880497"},"modified":"2025-12-06T00:01:45","modified_gmt":"2025-12-05T23:01:45","slug":"vlashent-sata-lutte-pour-etre-quelquun-de-bien-tu-seras-dautant-plus-libre","status":"publish","type":"post","link":"https:\/\/www.albinfo.at\/fr\/vlashent-sata-lutte-pour-etre-quelquun-de-bien-tu-seras-dautant-plus-libre\/","title":{"rendered":"Vlashent Sata \u201cLutte pour \u00eatre quelqu\u2019un de bien, tu seras d\u2019autant plus libre\u201d"},"content":{"rendered":"<p data-start=\"0\" data-end=\"751\">Sur la sc\u00e8ne contemporaine de la musique albanaise, rares sont les voix qui parviennent \u00e0 cr\u00e9er un espace \u00e9motionnel aussi pur et retenu que celui que propose Vlashent Sata. Form\u00e9 artistiquement en France, dans une culture qui cultive la finesse, la recherche et la pens\u00e9e esth\u00e9tique, il a construit une identit\u00e9 qui se distingue par sa clart\u00e9, sa maturit\u00e9 et une originalit\u00e9 naturelle. Sa musique \u00e9volue entre le silence et le son, entre la nostalgie des racines albanaises et l\u2019\u00e9l\u00e9gance de l\u2019\u00e9cole francophone, cr\u00e9ant un langage qui touche et demeure.<br data-start=\"570\" data-end=\"573\" \/>Dans ce portrait entretien, son r\u00e9cit int\u00e9rieur s\u2019entrelace avec les r\u00e9ponses sinc\u00e8res et profondes de l\u2019artiste, offrant une vue compl\u00e8te du monde qui le fa\u00e7onne et l\u2019inspire.<\/p>\n<p data-start=\"753\" data-end=\"781\"><strong>Les d\u00e9buts et la formation<\/strong><\/p>\n<p><a href=\"https:\/\/www.albinfo.ch\/wp-content\/uploads\/2025\/12\/vlashent-2.jpg\"><img loading=\"lazy\" decoding=\"async\" class=\"alignnone wp-image-880196\" src=\"https:\/\/www.albinfo.ch\/wp-content\/uploads\/2025\/12\/vlashent-2.jpg\" alt=\"\" width=\"600\" height=\"449\" srcset=\"https:\/\/www.albinfo.at\/wp-content\/uploads\/2025\/12\/vlashent-2.jpg 940w, https:\/\/www.albinfo.at\/wp-content\/uploads\/2025\/12\/vlashent-2-300x224.jpg 300w, https:\/\/www.albinfo.at\/wp-content\/uploads\/2025\/12\/vlashent-2-768x574.jpg 768w, https:\/\/www.albinfo.at\/wp-content\/uploads\/2025\/12\/vlashent-2-530x396.jpg 530w, https:\/\/www.albinfo.at\/wp-content\/uploads\/2025\/12\/vlashent-2-134x100.jpg 134w, https:\/\/www.albinfo.at\/wp-content\/uploads\/2025\/12\/vlashent-2-234x175.jpg 234w\" sizes=\"auto, (max-width: 600px) 100vw, 600px\" \/><\/a><\/p>\n<p data-start=\"0\" data-end=\"38\">Photo: Rromir Imami<\/p>\n<p data-start=\"40\" data-end=\"583\">Le parcours de Vlashent Sata vers la musique a pris forme dans les amphith\u00e9\u00e2tres de Bordeaux puis de Paris, o\u00f9 il s\u2019est consacr\u00e9 \u00e0 l\u2019\u00e9tude du piano et de la musique classique. C\u2019est pr\u00e9cis\u00e9ment l\u00e0 qu\u2019il a compris que l\u2019art ne r\u00e9side pas seulement dans le son produit, mais aussi dans les vides charg\u00e9s de sens entre les notes, cet espace invisible qui porte le rythme, l\u2019\u00e9motion et le souffle de la cr\u00e9ation. Cette vision, acquise tr\u00e8s t\u00f4t, demeure aujourd\u2019hui l\u2019un des piliers essentiels de sa mani\u00e8re de penser et d\u2019interpr\u00e9ter la musique.<\/p>\n<p data-start=\"585\" data-end=\"1022\"><strong>albinfo.ch:<\/strong> Comment vous souvenez vous du d\u00e9but de ce voyage, de l\u2019Albanie vers la France?<br data-start=\"675\" data-end=\"678\" \/>Vlashent Sata: La musique classique m\u2019a form\u00e9 de la mani\u00e8re la plus profonde. Elle m\u2019a appris \u00e0 \u00e9couter le silence autant que le son, \u00e0 comprendre que chaque note porte une histoire en elle. \u201cL\u2019interpr\u00e8te doit \u00eatre conteur, architecte et po\u00e8te.\u201d La France m\u2019a donn\u00e9 cette approche, la totalit\u00e9 de la pens\u00e9e musicale et le respect de la forme.<\/p>\n<p data-start=\"1024\" data-end=\"1476\">La premi\u00e8re narration musicale de Vlashent n\u2019a pas \u00e9t\u00e9 simplement une \u00e9tape technique de formation; elle s\u2019est transform\u00e9e en un parcours d\u2019\u00e9ducation esth\u00e9tique et d\u2019introspection qui l\u2019accompagne dans chaque composition et interpr\u00e9tation. Pour lui, la musique n\u2019\u00e9tait pas seulement une profession, mais une mani\u00e8re de comprendre le monde qui l\u2019entoure, de mesurer les \u00e9motions et de donner \u00e0 chaque son une signification r\u00e9fl\u00e9chie et intentionnelle.<\/p>\n<p data-start=\"1478\" data-end=\"1526\"><strong>L\u2019accueil en France et l\u2019influence francophone<\/strong><\/p>\n<p><a href=\"https:\/\/www.albinfo.ch\/wp-content\/uploads\/2025\/12\/vlashent-3-a.jpg\"><img loading=\"lazy\" decoding=\"async\" class=\"alignnone wp-image-880199\" src=\"https:\/\/www.albinfo.ch\/wp-content\/uploads\/2025\/12\/vlashent-3-a.jpg\" alt=\"\" width=\"600\" height=\"453\" srcset=\"https:\/\/www.albinfo.at\/wp-content\/uploads\/2025\/12\/vlashent-3-a.jpg 937w, https:\/\/www.albinfo.at\/wp-content\/uploads\/2025\/12\/vlashent-3-a-300x226.jpg 300w, https:\/\/www.albinfo.at\/wp-content\/uploads\/2025\/12\/vlashent-3-a-768x579.jpg 768w, https:\/\/www.albinfo.at\/wp-content\/uploads\/2025\/12\/vlashent-3-a-525x396.jpg 525w, https:\/\/www.albinfo.at\/wp-content\/uploads\/2025\/12\/vlashent-3-a-133x100.jpg 133w, https:\/\/www.albinfo.at\/wp-content\/uploads\/2025\/12\/vlashent-3-a-232x175.jpg 232w\" sizes=\"auto, (max-width: 600px) 100vw, 600px\" \/><\/a><\/p>\n<p data-start=\"0\" data-end=\"38\"><strong>Photo: Rromir Imami<\/strong><\/p>\n<p data-start=\"40\" data-end=\"454\">Pour Vlashent, Paris est plus qu\u2019une ville, c\u2019est un horizon culturel. Un centre mondial o\u00f9 les langues, les formes et les esth\u00e9tiques coexistent naturellement, cr\u00e9ant une atmosph\u00e8re qui nourrit l\u2019artiste. C\u2019est pr\u00e9cis\u00e9ment dans cet espace ouvert que sa musique en albanais a trouv\u00e9 un accueil chaleureux et sinc\u00e8re, preuve que l\u2019\u00e9motion, lorsqu\u2019elle est authentique, d\u00e9passe facilement la barri\u00e8re de la langue.<\/p>\n<p data-start=\"456\" data-end=\"833\"><strong>albinfo.ch:<\/strong> Comment votre musique a t elle \u00e9t\u00e9 accueillie en France?<br data-start=\"524\" data-end=\"527\" \/>Vlashent Sata: Paris est un laboratoire de cultures. M\u00eame lorsque les textes sont en albanais, l\u2019\u00e9motion voyage d\u2019elle m\u00eame. \u201cM\u00eame si le public ne comprend pas les mots, l\u2019\u00e9motion trouve son chemin.\u201d L\u00e0 bas, ma musique a \u00e9t\u00e9 accueillie avec sinc\u00e9rit\u00e9, car le lien entre la parole et le son est tr\u00e8s fort.<\/p>\n<p data-start=\"835\" data-end=\"933\">La France lui a donn\u00e9 une nouvelle couche esth\u00e9tique: recherche intellectuelle, clart\u00e9, finesse.<\/p>\n<p data-start=\"935\" data-end=\"965\"><strong>L\u2019identit\u00e9 entre deux mondes<\/strong><\/p>\n<p><a href=\"https:\/\/www.albinfo.ch\/wp-content\/uploads\/2025\/12\/vlashent-4-a.jpg\"><img loading=\"lazy\" decoding=\"async\" class=\"alignnone wp-image-880202\" src=\"https:\/\/www.albinfo.ch\/wp-content\/uploads\/2025\/12\/vlashent-4-a.jpg\" alt=\"\" width=\"600\" height=\"446\" srcset=\"https:\/\/www.albinfo.at\/wp-content\/uploads\/2025\/12\/vlashent-4-a.jpg 940w, https:\/\/www.albinfo.at\/wp-content\/uploads\/2025\/12\/vlashent-4-a-300x223.jpg 300w, https:\/\/www.albinfo.at\/wp-content\/uploads\/2025\/12\/vlashent-4-a-768x571.jpg 768w, https:\/\/www.albinfo.at\/wp-content\/uploads\/2025\/12\/vlashent-4-a-533x396.jpg 533w, https:\/\/www.albinfo.at\/wp-content\/uploads\/2025\/12\/vlashent-4-a-134x100.jpg 134w, https:\/\/www.albinfo.at\/wp-content\/uploads\/2025\/12\/vlashent-4-a-235x175.jpg 235w\" sizes=\"auto, (max-width: 600px) 100vw, 600px\" \/><\/a><\/p>\n<p><strong>Photo: Rromir Imami<\/strong><\/p>\n<p data-start=\"0\" data-end=\"335\"><strong>albinfo.ch:<\/strong> Comment vivez vous aujourd\u2019hui votre identit\u00e9 entre l\u2019Albanie et la France?<br data-start=\"104\" data-end=\"107\" \/>Vlashent Sata: L\u2019Albanie est la racine, la nostalgie, les souvenirs. La France est la mani\u00e8re \u00e9l\u00e9gante de transformer ces \u00e9motions en art. \u201cL\u2019Albanie est ma nostalgie, la France est son \u00e9l\u00e9gance.\u201d Les deux sont indissociables.<\/p>\n<p data-start=\"337\" data-end=\"658\">Cette combinaison est le c\u0153ur de sa musique: une synth\u00e8se apais\u00e9e entre \u00e9motion et forme, o\u00f9 l\u2019appartenance se m\u00eale naturellement \u00e0 l\u2019universel. Dans cet \u00e9quilibre int\u00e9rieur, Vlashent construit un langage artistique qui porte des racines profondes mais s\u2019exprime avec une finesse qui d\u00e9passe le temps et les fronti\u00e8res.<\/p>\n<p data-start=\"660\" data-end=\"688\"><strong>Originalit\u00e9 et inspiration<\/strong><\/p>\n<p data-start=\"690\" data-end=\"996\"><strong>albinfo.ch:<\/strong> D\u2019o\u00f9 vient cette dimension si personnelle de votre musique?<br data-start=\"761\" data-end=\"764\" \/>Vlashent Sata: Je crois que tout v\u00e9ritable artiste est personnel dans son essence. \u201cLorsque tu n\u2019es pas sinc\u00e8re, tu ne peux pas atteindre l\u2019universel.\u201d L\u2019originalit\u00e9 n\u2019est pas un objectif, mais le r\u00e9sultat d\u2019une exp\u00e9rience intime.<\/p>\n<p data-start=\"998\" data-end=\"1284\">Pour lui, l\u2019inspiration na\u00eet de l\u2019\u00eatre humain, des relations sensibles, des gestes minuscules que l\u2019on remarque rarement mais qui contiennent un univers \u00e9motionnel entier, des souvenirs qui, en silence, r\u00e9veillent les premi\u00e8res m\u00e9lodies et deviennent la graine d\u2019une nouvelle chanson.<\/p>\n<p data-start=\"1286\" data-end=\"1320\"><strong>&#8221; Z\u00e2 Festi &#8221; &#8211; identit\u00e9 et racines<\/strong><\/p>\n<p><a href=\"https:\/\/www.albinfo.ch\/wp-content\/uploads\/2025\/12\/vlashent-5-a.jpg\"><img loading=\"lazy\" decoding=\"async\" class=\"alignnone wp-image-880205\" src=\"https:\/\/www.albinfo.ch\/wp-content\/uploads\/2025\/12\/vlashent-5-a.jpg\" alt=\"\" width=\"600\" height=\"460\" srcset=\"https:\/\/www.albinfo.at\/wp-content\/uploads\/2025\/12\/vlashent-5-a.jpg 795w, https:\/\/www.albinfo.at\/wp-content\/uploads\/2025\/12\/vlashent-5-a-300x230.jpg 300w, https:\/\/www.albinfo.at\/wp-content\/uploads\/2025\/12\/vlashent-5-a-768x588.jpg 768w, https:\/\/www.albinfo.at\/wp-content\/uploads\/2025\/12\/vlashent-5-a-517x396.jpg 517w, https:\/\/www.albinfo.at\/wp-content\/uploads\/2025\/12\/vlashent-5-a-131x100.jpg 131w, https:\/\/www.albinfo.at\/wp-content\/uploads\/2025\/12\/vlashent-5-a-228x175.jpg 228w\" sizes=\"auto, (max-width: 600px) 100vw, 600px\" \/><\/a><\/p>\n<p><strong>Photo: Rromir Imami<\/strong><\/p>\n<p data-start=\"0\" data-end=\"269\"><strong>albinfo.ch:<\/strong> Qu\u2019est ce qui rend &#8221; Z\u00e2 Festi &#8221; si particulier?<br data-start=\"74\" data-end=\"77\" \/>Vlashent Sata: Son identit\u00e9. &#8220;Le public ne s\u2019ach\u00e8te pas. Il ressent lorsque tu es vrai.&#8221; Le festival est un espace o\u00f9 les gens se lib\u00e8rent spirituellement et se sentent li\u00e9s \u00e0 leurs racines.<\/p>\n<p data-start=\"271\" data-end=\"397\">\u201cZ\u00e2 Festi\u201d est devenu un symbole qui relie la tradition \u00e0 la modernit\u00e9, en offrant au public une exp\u00e9rience esth\u00e9tique rare.<\/p>\n<p data-start=\"399\" data-end=\"463\"><strong>Le concert \u00e0 Berne, une soir\u00e9e sp\u00e9ciale grav\u00e9e dans la m\u00e9moire<\/strong><\/p>\n<p><strong><a href=\"https:\/\/www.albinfo.ch\/wp-content\/uploads\/2025\/12\/vlashent-6a.jpg\"><img loading=\"lazy\" decoding=\"async\" class=\"alignnone wp-image-880209\" src=\"https:\/\/www.albinfo.ch\/wp-content\/uploads\/2025\/12\/vlashent-6a.jpg\" alt=\"\" width=\"600\" height=\"453\" srcset=\"https:\/\/www.albinfo.at\/wp-content\/uploads\/2025\/12\/vlashent-6a.jpg 933w, https:\/\/www.albinfo.at\/wp-content\/uploads\/2025\/12\/vlashent-6a-300x227.jpg 300w, https:\/\/www.albinfo.at\/wp-content\/uploads\/2025\/12\/vlashent-6a-768x580.jpg 768w, https:\/\/www.albinfo.at\/wp-content\/uploads\/2025\/12\/vlashent-6a-524x396.jpg 524w, https:\/\/www.albinfo.at\/wp-content\/uploads\/2025\/12\/vlashent-6a-132x100.jpg 132w, https:\/\/www.albinfo.at\/wp-content\/uploads\/2025\/12\/vlashent-6a-232x175.jpg 232w\" sizes=\"auto, (max-width: 600px) 100vw, 600px\" \/><\/a>\u00a0<\/strong><\/p>\n<p><strong>Photo: Rromir Imami<\/strong><\/p>\n<p data-start=\"0\" data-end=\"346\">Le concert \u00e0 Berne est devenu l\u2019un des moments les plus \u00e9mouvants de son parcours artistique en Suisse. Ce soir l\u00e0, le public albanais s\u2019est montr\u00e9 ouvert, sensible, vrai. L\u2019organisation et la coordination de tous les \u00e9l\u00e9ments qui ont fa\u00e7onn\u00e9 cet \u00e9v\u00e9nement ont jou\u00e9 un r\u00f4le d\u00e9terminant pour en faire une exp\u00e9rience inoubliable.<\/p>\n<p data-start=\"348\" data-end=\"932\"><strong>albinfo.ch:<\/strong> Comment avez vous v\u00e9cu cette soir\u00e9e?<br data-start=\"396\" data-end=\"399\" \/><strong>Vlashent Sata:<\/strong> C\u2019\u00e9tait une soir\u00e9e extraordinairement belle. Le public m\u2019a donn\u00e9 une \u00e9nergie que je n\u2019oublierai jamais. &#8221; Des hommes de cinquante ans m\u2019ont dit qu\u2019ils pleuraient pour la premi\u00e8re fois lors d\u2019un concert.&#8221; C\u2019est la force de la musique, elle cr\u00e9e une \u00e9treinte commune entre les gens. Je souhaite aussi remercier Anjeza Shyti Elmazi, qui est devenue une partie essentielle de ce voyage. Sa contribution \u00e0 l\u2019organisation a \u00e9t\u00e9 pr\u00e9cieuse et a permis que tout soit v\u00e9cu avec une grande harmonie et un vrai professionnalisme.<\/p>\n<p data-start=\"934\" data-end=\"977\">La chanson &#8221; Bab\u00eb &#8221; &#8211; un monument personnel<\/p>\n<p data-start=\"979\" data-end=\"1320\"><strong>albinfo.ch:<\/strong> Que repr\u00e9sente &#8221; Bab\u00eb &#8221; pour vous?<br data-start=\"1023\" data-end=\"1026\" \/><strong>Vlashent Sata:<\/strong> C\u2019est l\u2019une des chansons les plus fortes que j\u2019aie \u00e9crites. Je l\u2019ai chant\u00e9e \u00e0 mon p\u00e8re lors d\u2019un appel sur Skype. &#8221; Il m\u2019a dit qu\u2019il n\u2019avait pas compris toutes les paroles, mais qu\u2019il s\u2019\u00e9tait abandonn\u00e9 au mot \u2018bab\u00eb\u2019. &#8221; Cette chanson est souvenir, lumi\u00e8re et amour inconditionnel.<\/p>\n<p><strong>Plans, vision et philosophie personnelle<\/strong><\/p>\n<p><strong> <a href=\"https:\/\/www.albinfo.ch\/wp-content\/uploads\/2025\/12\/vlashent-7-a.jpg\"><img loading=\"lazy\" decoding=\"async\" class=\"alignnone wp-image-880212\" src=\"https:\/\/www.albinfo.ch\/wp-content\/uploads\/2025\/12\/vlashent-7-a.jpg\" alt=\"\" width=\"600\" height=\"450\" srcset=\"https:\/\/www.albinfo.at\/wp-content\/uploads\/2025\/12\/vlashent-7-a.jpg 940w, https:\/\/www.albinfo.at\/wp-content\/uploads\/2025\/12\/vlashent-7-a-300x225.jpg 300w, https:\/\/www.albinfo.at\/wp-content\/uploads\/2025\/12\/vlashent-7-a-768x576.jpg 768w, https:\/\/www.albinfo.at\/wp-content\/uploads\/2025\/12\/vlashent-7-a-528x396.jpg 528w, https:\/\/www.albinfo.at\/wp-content\/uploads\/2025\/12\/vlashent-7-a-133x100.jpg 133w, https:\/\/www.albinfo.at\/wp-content\/uploads\/2025\/12\/vlashent-7-a-233x175.jpg 233w\" sizes=\"auto, (max-width: 600px) 100vw, 600px\" \/><\/a><\/strong><\/p>\n<p><strong>Photo: Rromir Imami<\/strong><\/p>\n<p data-start=\"0\" data-end=\"237\">Sata exprime son d\u00e9sir de revenir avec des concerts au Kosovo, en Albanie, en Mac\u00e9doine du Nord et au del\u00e0.<br data-start=\"124\" data-end=\"127\" \/>Il d\u00e9finit le bonheur simplement: &#8221; <strong>Le bonheur, c\u2019est quand quelqu\u2019un me dit: tu m\u2019as fait me sentir vivant.&#8221;<\/strong><\/p>\n<p data-start=\"239\" data-end=\"432\">Hors sc\u00e8ne, il reste le m\u00eame: sensible, humble, avide de s\u2019am\u00e9liorer. Sa philosophie se r\u00e9sume dans le vers d\u00e9sormais connu: &#8221; <strong>Lutte pour \u00eatre quelqu\u2019un de bien, tu seras d\u2019autant plus libre.&#8221;<\/strong><\/p>\n<p data-start=\"434\" data-end=\"1018\">\u00c0 la fin de cette interview, Vlashent Sata appara\u00eet comme un artiste au profil affirm\u00e9, qui d\u00e9veloppe une approche m\u00fbre et coh\u00e9rente de la musique. Ses r\u00e9flexions r\u00e9v\u00e8lent un cr\u00e9ateur qui marie avec finesse l\u2019esth\u00e9tique de l\u2019\u00e9cole fran\u00e7aise \u00e0 son identit\u00e9 albanaise, construisant ainsi une singularit\u00e9 artistique solide et reconnaissable.<br data-start=\"772\" data-end=\"775\" \/>Son approche articul\u00e9e, son int\u00e9grit\u00e9 professionnelle et sa vision esth\u00e9tique placent Sata parmi les voix les plus s\u00e9rieuses et influentes de notre musique contemporaine, faisant de lui un contributeur essentiel au paysage culturel albanais.<\/p>\n<p data-start=\"1020\" data-end=\"1057\"><strong>Interview r\u00e9alis\u00e9 par Luljeta Ademi<\/strong><\/p>\n","protected":false},"excerpt":{"rendered":"<p>Vlashent Sata, une identit\u00e9 artistique qui harmonise les racines avec l\u2019esth\u00e9tique contemporaine. Entretien avec l\u2019artiste qui allie la finesse francophone \u00e0 la profondeur \u00e9motionnelle albanaise<\/p>\n","protected":false},"author":6,"featured_media":880194,"comment_status":"closed","ping_status":"closed","sticky":false,"template":"","format":"standard","meta":{"footnotes":""},"categories":[24660,3951,1163,1168],"tags":[],"vendi":[],"content_country":[],"class_list":["post-880497","post","type-post","status-publish","format-standard","has-post-thumbnail","hentry","category-la-musique","category-intervista-fr","category-fr-e-diaspora","category-culture"],"acf":[],"_links":{"self":[{"href":"https:\/\/www.albinfo.at\/fr\/wp-json\/wp\/v2\/posts\/880497","targetHints":{"allow":["GET"]}}],"collection":[{"href":"https:\/\/www.albinfo.at\/fr\/wp-json\/wp\/v2\/posts"}],"about":[{"href":"https:\/\/www.albinfo.at\/fr\/wp-json\/wp\/v2\/types\/post"}],"author":[{"embeddable":true,"href":"https:\/\/www.albinfo.at\/fr\/wp-json\/wp\/v2\/users\/6"}],"replies":[{"embeddable":true,"href":"https:\/\/www.albinfo.at\/fr\/wp-json\/wp\/v2\/comments?post=880497"}],"version-history":[{"count":1,"href":"https:\/\/www.albinfo.at\/fr\/wp-json\/wp\/v2\/posts\/880497\/revisions"}],"predecessor-version":[{"id":880500,"href":"https:\/\/www.albinfo.at\/fr\/wp-json\/wp\/v2\/posts\/880497\/revisions\/880500"}],"wp:featuredmedia":[{"embeddable":true,"href":"https:\/\/www.albinfo.at\/fr\/wp-json\/wp\/v2\/media\/880194"}],"wp:attachment":[{"href":"https:\/\/www.albinfo.at\/fr\/wp-json\/wp\/v2\/media?parent=880497"}],"wp:term":[{"taxonomy":"category","embeddable":true,"href":"https:\/\/www.albinfo.at\/fr\/wp-json\/wp\/v2\/categories?post=880497"},{"taxonomy":"post_tag","embeddable":true,"href":"https:\/\/www.albinfo.at\/fr\/wp-json\/wp\/v2\/tags?post=880497"},{"taxonomy":"vendi","embeddable":true,"href":"https:\/\/www.albinfo.at\/fr\/wp-json\/wp\/v2\/vendi?post=880497"},{"taxonomy":"content_country","embeddable":true,"href":"https:\/\/www.albinfo.at\/fr\/wp-json\/wp\/v2\/content_country?post=880497"}],"curies":[{"name":"wp","href":"https:\/\/api.w.org\/{rel}","templated":true}]}}