{"id":880454,"date":"2025-12-05T17:36:40","date_gmt":"2025-12-05T16:36:40","guid":{"rendered":"https:\/\/www.albinfo.ch\/?p=880454"},"modified":"2025-12-05T22:42:18","modified_gmt":"2025-12-05T21:42:18","slug":"rita-ora-a-enflamme-la-scene-a-paznaun-ischgl-en-autriche","status":"publish","type":"post","link":"https:\/\/www.albinfo.at\/fr\/rita-ora-a-enflamme-la-scene-a-paznaun-ischgl-en-autriche\/","title":{"rendered":"Rita Ora a enflamm\u00e9 la sc\u00e8ne \u00e0 Paznaun Ischgl en Autriche"},"content":{"rendered":"<p class=\"p1\">Rita Ora a perform\u00e9 lors de l\u2019un des plus grands \u00e9v\u00e9nements de la saison \u00e0 Paznaun Ischgl en Autriche, offrant une soir\u00e9e inoubliable \u00e0 ses fans, rapporte albinfo.at.<br data-start=\"183\" data-end=\"186\" \/>Dans l\u2019un des lieux de divertissement les plus connus, Rita est apparue en interpr\u00e9tant ses plus grands succ\u00e8s, selon les informations d\u2019IndeksOnline. L\u2019ambiance \u00e9tait \u00e9lectrisante, la grande foule a accueilli son \u00e9nergie en chantant et en bougeant au rythme de la musique.<br data-start=\"459\" data-end=\"462\" \/>Ses fans ne se sont pas arr\u00eat\u00e9s, beaucoup brandissaient des pancartes et des drapeaux pour soutenir de pr\u00e8s la star albanaise qui conquiert les sc\u00e8nes internationales. \/Albinfo.at<\/p>\n<p class=\"p1\"><span class=\"s1\"><a href=\"https:\/\/www.instagram.com\/reel\/DOaZ5txjIy7\/?igsh=MTZ0cGtxZmpkdmZkOQ==\">https:\/\/www.instagram.com\/reel\/DOaZ5txjIy7\/?igsh=MTZ0cGtxZmpkdmZkOQ==<\/a><\/span><\/p>\n","protected":false},"excerpt":{"rendered":"<p>La star albanaise se produit lors de l\u2019un des plus grands \u00e9v\u00e9nements de la saison en Autriche<\/p>\n","protected":false},"author":6,"featured_media":879499,"comment_status":"closed","ping_status":"closed","sticky":false,"template":"","format":"standard","meta":{"footnotes":""},"categories":[34913,34923,3976,24633,1168],"tags":[],"vendi":[],"content_country":[],"class_list":["post-880454","post","type-post","status-publish","format-standard","has-post-thumbnail","hentry","category-la-vie-en-autriche","category-music","category-lifestyle-fr","category-nouvelles-fr-2","category-culture"],"acf":[],"_links":{"self":[{"href":"https:\/\/www.albinfo.at\/fr\/wp-json\/wp\/v2\/posts\/880454","targetHints":{"allow":["GET"]}}],"collection":[{"href":"https:\/\/www.albinfo.at\/fr\/wp-json\/wp\/v2\/posts"}],"about":[{"href":"https:\/\/www.albinfo.at\/fr\/wp-json\/wp\/v2\/types\/post"}],"author":[{"embeddable":true,"href":"https:\/\/www.albinfo.at\/fr\/wp-json\/wp\/v2\/users\/6"}],"replies":[{"embeddable":true,"href":"https:\/\/www.albinfo.at\/fr\/wp-json\/wp\/v2\/comments?post=880454"}],"version-history":[{"count":1,"href":"https:\/\/www.albinfo.at\/fr\/wp-json\/wp\/v2\/posts\/880454\/revisions"}],"predecessor-version":[{"id":880456,"href":"https:\/\/www.albinfo.at\/fr\/wp-json\/wp\/v2\/posts\/880454\/revisions\/880456"}],"wp:featuredmedia":[{"embeddable":true,"href":"https:\/\/www.albinfo.at\/fr\/wp-json\/wp\/v2\/media\/879499"}],"wp:attachment":[{"href":"https:\/\/www.albinfo.at\/fr\/wp-json\/wp\/v2\/media?parent=880454"}],"wp:term":[{"taxonomy":"category","embeddable":true,"href":"https:\/\/www.albinfo.at\/fr\/wp-json\/wp\/v2\/categories?post=880454"},{"taxonomy":"post_tag","embeddable":true,"href":"https:\/\/www.albinfo.at\/fr\/wp-json\/wp\/v2\/tags?post=880454"},{"taxonomy":"vendi","embeddable":true,"href":"https:\/\/www.albinfo.at\/fr\/wp-json\/wp\/v2\/vendi?post=880454"},{"taxonomy":"content_country","embeddable":true,"href":"https:\/\/www.albinfo.at\/fr\/wp-json\/wp\/v2\/content_country?post=880454"}],"curies":[{"name":"wp","href":"https:\/\/api.w.org\/{rel}","templated":true}]}}