{"id":880073,"date":"2025-12-04T17:45:00","date_gmt":"2025-12-04T16:45:00","guid":{"rendered":"https:\/\/www.albinfo.ch\/?p=880073"},"modified":"2025-12-05T08:48:58","modified_gmt":"2025-12-05T07:48:58","slug":"rita-ora-brille-aux-british-fashion-awards-avec-une-apparence-eblouissante","status":"publish","type":"post","link":"https:\/\/www.albinfo.at\/fr\/rita-ora-brille-aux-british-fashion-awards-avec-une-apparence-eblouissante\/","title":{"rendered":"Rita Ora brille aux British Fashion Awards avec une apparence \u00e9blouissante"},"content":{"rendered":"<p data-start=\"229\" data-end=\"626\">Rita Ora a \u00e9t\u00e9 l\u2019un des noms les plus comment\u00e9s de la soir\u00e9e sur le tapis bleu des Fashion Awards lundi, attirant l\u2019attention de tous avec son apparition impressionnante. La chanteuse est apparue dans une robe argent\u00e9e particuli\u00e8rement audacieuse qui mettait en valeur ses lignes \u00e9l\u00e9gantes et pr\u00e9sentait un d\u00e9collet\u00e9 profond, donnant \u00e0 sa tenue une forte touche de dramatisme, rapporte albinfo.ch.<\/p>\n<p data-start=\"628\" data-end=\"853\">Avec un style moderne et plein d\u2019assurance, Rita a compl\u00e9t\u00e9 son look avec les cheveux tir\u00e9s en arri\u00e8re et un maquillage soign\u00e9 r\u00e9alis\u00e9 par Charlotte Tilbury, tandis qu\u2019elle posait devant les photographes au Royal Albert Hall.<\/p>\n<p data-start=\"855\" data-end=\"1026\">Cette ann\u00e9e, la c\u00e9r\u00e9monie a \u00e9t\u00e9 pr\u00e9sent\u00e9e par l\u2019acteur Colman Domingo, qui a t\u00e9moign\u00e9 de son respect pour la tradition de l\u2019\u00e9v\u00e9nement en portant une tenue sign\u00e9e Burberry.<\/p>\n<p data-start=\"1028\" data-end=\"1501\">Les British Fashion Awards restent l\u2019une des soir\u00e9es les plus prestigieuses de l\u2019industrie de la mode, o\u00f9 sont c\u00e9l\u00e9br\u00e9s les plus grands talents, des jeunes cr\u00e9ateurs jusqu\u2019aux ic\u00f4nes internationales. Fond\u00e9e en 1989, la c\u00e9r\u00e9monie a chang\u00e9 de nom en 2016 pour refl\u00e9ter sa dimension mondiale. Au fil des ann\u00e9es, elle a eu lieu dans certains des lieux les plus embl\u00e9matiques de Londres, dont le Royal Albert Hall, le Mus\u00e9e d\u2019Histoire naturelle et le Victoria and Albert Museum.<\/p>\n<p data-start=\"1503\" data-end=\"1692\">De la princesse Diana aux Spice Girls, en passant par Vivienne Westwood et Karl Lagerfeld, le tapis de cet \u00e9v\u00e9nement a accueilli des figures marquantes de la mode et de la culture mondiale.\/Albinfo.ch.<\/p>\n<p><img loading=\"lazy\" decoding=\"async\" class=\"alignnone wp-image-879482\" src=\"https:\/\/www.albinfo.ch\/wp-content\/uploads\/2025\/12\/img_4522.jpeg\" alt=\"\" width=\"500\" height=\"750\" srcset=\"https:\/\/www.albinfo.at\/wp-content\/uploads\/2025\/12\/img_4522.jpeg 634w, https:\/\/www.albinfo.at\/wp-content\/uploads\/2025\/12\/img_4522-200x300.jpeg 200w, https:\/\/www.albinfo.at\/wp-content\/uploads\/2025\/12\/img_4522-264x396.jpeg 264w, https:\/\/www.albinfo.at\/wp-content\/uploads\/2025\/12\/img_4522-67x100.jpeg 67w, https:\/\/www.albinfo.at\/wp-content\/uploads\/2025\/12\/img_4522-117x175.jpeg 117w\" sizes=\"auto, (max-width: 500px) 100vw, 500px\" \/> <img loading=\"lazy\" decoding=\"async\" class=\"alignnone wp-image-879485\" src=\"https:\/\/www.albinfo.ch\/wp-content\/uploads\/2025\/12\/img_4523.jpeg\" alt=\"\" width=\"500\" height=\"698\" srcset=\"https:\/\/www.albinfo.at\/wp-content\/uploads\/2025\/12\/img_4523.jpeg 634w, https:\/\/www.albinfo.at\/wp-content\/uploads\/2025\/12\/img_4523-215x300.jpeg 215w, https:\/\/www.albinfo.at\/wp-content\/uploads\/2025\/12\/img_4523-284x396.jpeg 284w, https:\/\/www.albinfo.at\/wp-content\/uploads\/2025\/12\/img_4523-72x100.jpeg 72w, https:\/\/www.albinfo.at\/wp-content\/uploads\/2025\/12\/img_4523-125x175.jpeg 125w\" sizes=\"auto, (max-width: 500px) 100vw, 500px\" \/><\/p>\n","protected":false},"excerpt":{"rendered":"<p>Rita Ora \u201cconquiert\u201d les Fashion Awards 2025 avec son style<\/p>\n","protected":false},"author":6,"featured_media":879480,"comment_status":"closed","ping_status":"closed","sticky":false,"template":"","format":"standard","meta":{"footnotes":""},"categories":[34923,3976],"tags":[],"vendi":[],"content_country":[],"class_list":["post-880073","post","type-post","status-publish","format-standard","has-post-thumbnail","hentry","category-music","category-lifestyle-fr"],"acf":[],"_links":{"self":[{"href":"https:\/\/www.albinfo.at\/fr\/wp-json\/wp\/v2\/posts\/880073","targetHints":{"allow":["GET"]}}],"collection":[{"href":"https:\/\/www.albinfo.at\/fr\/wp-json\/wp\/v2\/posts"}],"about":[{"href":"https:\/\/www.albinfo.at\/fr\/wp-json\/wp\/v2\/types\/post"}],"author":[{"embeddable":true,"href":"https:\/\/www.albinfo.at\/fr\/wp-json\/wp\/v2\/users\/6"}],"replies":[{"embeddable":true,"href":"https:\/\/www.albinfo.at\/fr\/wp-json\/wp\/v2\/comments?post=880073"}],"version-history":[{"count":1,"href":"https:\/\/www.albinfo.at\/fr\/wp-json\/wp\/v2\/posts\/880073\/revisions"}],"predecessor-version":[{"id":880074,"href":"https:\/\/www.albinfo.at\/fr\/wp-json\/wp\/v2\/posts\/880073\/revisions\/880074"}],"wp:featuredmedia":[{"embeddable":true,"href":"https:\/\/www.albinfo.at\/fr\/wp-json\/wp\/v2\/media\/879480"}],"wp:attachment":[{"href":"https:\/\/www.albinfo.at\/fr\/wp-json\/wp\/v2\/media?parent=880073"}],"wp:term":[{"taxonomy":"category","embeddable":true,"href":"https:\/\/www.albinfo.at\/fr\/wp-json\/wp\/v2\/categories?post=880073"},{"taxonomy":"post_tag","embeddable":true,"href":"https:\/\/www.albinfo.at\/fr\/wp-json\/wp\/v2\/tags?post=880073"},{"taxonomy":"vendi","embeddable":true,"href":"https:\/\/www.albinfo.at\/fr\/wp-json\/wp\/v2\/vendi?post=880073"},{"taxonomy":"content_country","embeddable":true,"href":"https:\/\/www.albinfo.at\/fr\/wp-json\/wp\/v2\/content_country?post=880073"}],"curies":[{"name":"wp","href":"https:\/\/api.w.org\/{rel}","templated":true}]}}