{"id":879782,"date":"2025-12-03T20:15:12","date_gmt":"2025-12-03T19:15:12","guid":{"rendered":"https:\/\/www.albinfo.ch\/?p=879782"},"modified":"2025-12-04T00:27:29","modified_gmt":"2025-12-03T23:27:29","slug":"elmonda-bajraliu-je-veux-donner-une-voix-a-la-nouvelle-generation","status":"publish","type":"post","link":"https:\/\/www.albinfo.at\/fr\/elmonda-bajraliu-je-veux-donner-une-voix-a-la-nouvelle-generation\/","title":{"rendered":"Elmonda Bajraliu: \u201cJe veux donner une voix \u00e0 la nouvelle g\u00e9n\u00e9ration\u201c"},"content":{"rendered":"<p data-start=\"16\" data-end=\"662\">Dans la politique locale de Winterthur \u00e9merge une nouvelle g\u00e9n\u00e9ration de voix, d\u2019\u00e9nergies et de perspectives. Parmi elles se distingue Elmonda Bajraliu, un nom de plus en plus associ\u00e9 \u00e0 la participation citoyenne et \u00e0 la repr\u00e9sentation des jeunes. N\u00e9e et \u00e9lev\u00e9e \u00e0 Winterthur, elle a grandi entre deux cultures, deux langues et deux univers, et a transform\u00e9 cette exp\u00e9rience en force. Pour Elmonda Bajraliu, la politique n\u2019est pas une th\u00e9orie, mais quelque chose qui touche la vie de chacun, c\u2019est pourquoi elle choisit de s\u2019engager l\u00e0 o\u00f9 tout commence: dans l\u2019\u00e9ducation, dans l\u2019\u00e9galit\u00e9 des chances et dans l\u2019implication dans la prise de d\u00e9cision.<\/p>\n<p data-start=\"664\" data-end=\"930\">Dans cette interview pour albinfo.ch, elle raconte ses racines, ses ambitions et sa conviction que la politique doit \u00e9couter davantage les jeunes, non pas pour leur accorder une place symbolique, mais pour leur offrir un espace r\u00e9el d\u2019influence et de responsabilit\u00e9.<\/p>\n<p data-start=\"932\" data-end=\"1088\"><strong>albinfo.ch:<\/strong> Pour commencer, pouvez-vous vous pr\u00e9senter bri\u00e8vement? Qui est Elmonda Bajraliu, comment vous d\u00e9crivez-vous au-del\u00e0 des titres et des fonctions?<\/p>\n<p><strong><a href=\"https:\/\/www.albinfo.ch\/wp-content\/uploads\/2025\/12\/elmonda-bajraliu.jpg\"><img loading=\"lazy\" decoding=\"async\" class=\"alignnone wp-image-879602\" src=\"https:\/\/www.albinfo.ch\/wp-content\/uploads\/2025\/12\/elmonda-bajraliu-1024x1024.jpg\" alt=\"\" width=\"600\" height=\"600\" srcset=\"https:\/\/www.albinfo.at\/wp-content\/uploads\/2025\/12\/elmonda-bajraliu-1024x1024.jpg 1024w, https:\/\/www.albinfo.at\/wp-content\/uploads\/2025\/12\/elmonda-bajraliu-300x300.jpg 300w, https:\/\/www.albinfo.at\/wp-content\/uploads\/2025\/12\/elmonda-bajraliu-150x150.jpg 150w, https:\/\/www.albinfo.at\/wp-content\/uploads\/2025\/12\/elmonda-bajraliu-768x768.jpg 768w, https:\/\/www.albinfo.at\/wp-content\/uploads\/2025\/12\/elmonda-bajraliu-396x396.jpg 396w, https:\/\/www.albinfo.at\/wp-content\/uploads\/2025\/12\/elmonda-bajraliu-280x280.jpg 280w, https:\/\/www.albinfo.at\/wp-content\/uploads\/2025\/12\/elmonda-bajraliu-100x100.jpg 100w, https:\/\/www.albinfo.at\/wp-content\/uploads\/2025\/12\/elmonda-bajraliu-175x175.jpg 175w, https:\/\/www.albinfo.at\/wp-content\/uploads\/2025\/12\/elmonda-bajraliu.jpg 1080w\" sizes=\"auto, (max-width: 600px) 100vw, 600px\" \/><\/a><\/strong><\/p>\n<p data-start=\"16\" data-end=\"701\"><strong>Elmonda Bajraliu<\/strong> se voit comme une personne qui relie les gens et construit des ponts entre eux. Elle a de grandes id\u00e9es et de grands r\u00eaves pour l\u2019avenir, mais en m\u00eame temps elle est pr\u00eate \u00e0 travailler dur et avec discipline pour les concr\u00e9tiser. Les d\u00e9fis ne l\u2019effraient pas\u00a0 au contraire, elle les consid\u00e8re comme des occasions d\u2019apprendre et de progresser. Ayant grandi avec deux langues et deux cultures, elle sait parfaitement ce que signifie vivre entre diff\u00e9rents mondes et comprendre des personnes aux exp\u00e9riences diverses. Elle est curieuse, pense de mani\u00e8re critique et ne prend rien pour acquis. Ces traits l\u2019accompagnent dans sa vie personnelle, son travail et ses \u00e9tudes.<\/p>\n<p data-start=\"703\" data-end=\"838\"><strong>albinfo.ch:<\/strong> Vous \u00eates n\u00e9e et avez grandi \u00e0 Winterthur. Comment cette ville a-t-elle influenc\u00e9 votre formation personnelle et politique?<\/p>\n<p data-start=\"840\" data-end=\"1518\"><strong>Elmonda Bajraliu:<\/strong> Je suis n\u00e9e et j\u2019ai grandi \u00e0 Winterthur. C\u2019est ici que j\u2019ai fait mes premiers pas et que je vis encore aujourd\u2019hui. J\u2019y ai commenc\u00e9 un apprentissage bancaire de trois ans avec maturit\u00e9 professionnelle, et aujourd\u2019hui j\u2019\u00e9tudie le droit \u00e0 la ZHAW. Gr\u00e2ce \u00e0 l\u2019\u00e9cole, au travail et \u00e0 mon engagement social, je suis tr\u00e8s bien int\u00e9gr\u00e9e dans la ville. En 2019, avec d\u2019autres jeunes, nous avons fond\u00e9 le Parlement des Jeunes de Winterthur et j\u2019ai fait partie de sa co-direction pendant deux ans. Cette exp\u00e9rience a renforc\u00e9 mon int\u00e9r\u00eat pour la politique et mon envie de m\u2019engager. Winterthur m\u2019a beaucoup apport\u00e9\u00a0 maintenant j\u2019aimerais rendre quelque chose \u00e0 ma ville.<\/p>\n<p data-start=\"1520\" data-end=\"1660\"><strong>albinfo.ch:<\/strong> Qu\u2019est-ce qui vous a concr\u00e8tement motiv\u00e9e \u00e0 vous pr\u00e9senter aux prochaines \u00e9lections pour le parlement de la ville de Winterthur?<\/p>\n<p data-start=\"1662\" data-end=\"2063\"><strong>Elmonda Bajraliu:<\/strong> La politique n\u2019est pas quelque chose de lointain\u00a0 elle influence directement la vie quotidienne de chacun. Beaucoup de jeunes ne se sentent pas repr\u00e9sent\u00e9s, alors m\u00eame que les d\u00e9cisions politiques influencent fortement leur avenir. Je me pr\u00e9sente parce que je pense que la politique doit \u00eatre plus proche des gens et que le parlement doit mieux refl\u00e9ter la r\u00e9alit\u00e9 de la population.<\/p>\n<p data-start=\"2065\" data-end=\"2209\"><strong>albinfo.ch:<\/strong> Quels sont les th\u00e8mes principaux pour lesquels vous souhaitez vous engager si vous \u00eates \u00e9lue? O\u00f9 vous voyez-vous \u00eatre la plus utile?<\/p>\n<p data-start=\"2211\" data-end=\"2847\"><strong>Elmonda Bajraliu:<\/strong> Mes priorit\u00e9s sont l\u2019\u00e9ducation, l\u2019\u00e9galit\u00e9 des chances et la participation des jeunes. Pour moi, il est essentiel que les jeunes aient une voix et qu\u2019ils soient impliqu\u00e9s dans les d\u00e9cisions qui les concernent directement. Je pense pouvoir contribuer particuli\u00e8rement l\u00e0 o\u00f9 je peux apporter la voix des jeunes et relier la politique, les institutions et les citoyens. J\u2019ai l\u2019habitude de travailler avec des personnes d\u2019\u00e2ges et de cultures diff\u00e9rentes et de prendre des responsabilit\u00e9s. Je veux repr\u00e9senter la nouvelle g\u00e9n\u00e9ration et faire en sorte que leurs id\u00e9es, pr\u00e9occupations et propositions soient prises au s\u00e9rieux.<\/p>\n<p data-start=\"2849\" data-end=\"3036\"><strong>albinfo.ch:<\/strong> En quoi votre origine albanaise influence-t-elle votre engagement politique? Votre identit\u00e9 de jeune femme albanaise n\u00e9e en Suisse fait-elle partie de votre message politique?<\/p>\n<p data-start=\"3038\" data-end=\"3642\"><strong>Elmonda Bajraliu:<\/strong> Mon origine albanaise fait partie de mon identit\u00e9. En tant que jeune femme n\u00e9e en Suisse avec des racines albanaises, j\u2019ai grandi entre deux cultures et cela est tr\u00e8s naturel pour moi. Cela m\u2019a appris \u00e0 \u00eatre ouverte, \u00e0 comprendre des points de vue diff\u00e9rents et \u00e0 ne pas regarder les choses d\u2019un seul angle. Cette exp\u00e9rience a aussi influenc\u00e9 ma vision de l\u2019int\u00e9gration et de la participation dans la soci\u00e9t\u00e9. Pour moi, celles-ci ne fonctionnent que lorsqu\u2019il y a un respect mutuel, une \u00e9galit\u00e9 des chances et lorsque les gens ont r\u00e9ellement la possibilit\u00e9 d\u2019apporter leur contribution.<\/p>\n<p><strong><a href=\"https:\/\/www.albinfo.ch\/wp-content\/uploads\/2025\/12\/elmona-bajraliu.jpg\"><img loading=\"lazy\" decoding=\"async\" class=\"alignnone wp-image-879605\" src=\"https:\/\/www.albinfo.ch\/wp-content\/uploads\/2025\/12\/elmona-bajraliu.jpg\" alt=\"\" width=\"622\" height=\"400\" srcset=\"https:\/\/www.albinfo.at\/wp-content\/uploads\/2025\/12\/elmona-bajraliu.jpg 1024w, https:\/\/www.albinfo.at\/wp-content\/uploads\/2025\/12\/elmona-bajraliu-300x193.jpg 300w, https:\/\/www.albinfo.at\/wp-content\/uploads\/2025\/12\/elmona-bajraliu-768x494.jpg 768w, https:\/\/www.albinfo.at\/wp-content\/uploads\/2025\/12\/elmona-bajraliu-87x56.jpg 87w, https:\/\/www.albinfo.at\/wp-content\/uploads\/2025\/12\/elmona-bajraliu-587x378.jpg 587w, https:\/\/www.albinfo.at\/wp-content\/uploads\/2025\/12\/elmona-bajraliu-155x100.jpg 155w, https:\/\/www.albinfo.at\/wp-content\/uploads\/2025\/12\/elmona-bajraliu-265x171.jpg 265w\" sizes=\"auto, (max-width: 622px) 100vw, 622px\" \/><\/a><\/strong><\/p>\n<p data-start=\"16\" data-end=\"204\"><strong>albinfo.ch:<\/strong> Dans quelle mesure ressentez-vous la pr\u00e9sence des Albanais dans la vie politique de Winterthur et de la Suisse en g\u00e9n\u00e9ral? Pensez-vous que nous sommes suffisamment repr\u00e9sent\u00e9s?<\/p>\n<p data-start=\"206\" data-end=\"888\"><strong>Elmonda Bajraliu:<\/strong> En Suisse, il y a des Albanais actifs en politique \u2013 certains au niveau communal, o\u00f9 se prennent des d\u00e9cisions qui influencent directement la vie quotidienne, et d\u2019autres m\u00eame au niveau national, o\u00f9 les d\u00e9cisions concernent tout le pays. C\u2019est tr\u00e8s positif. Cependant, la majorit\u00e9 de notre communaut\u00e9 est davantage engag\u00e9e dans le travail et les associations. Cela montre qu\u2019il existe un grand potentiel, mais qu\u2019il n\u2019est pas encore suffisamment utilis\u00e9 en politique et dans la prise de d\u00e9cision. Pour que cela change, il faut davantage de mod\u00e8les positifs, plus de visibilit\u00e9 et des informations simples sur la mani\u00e8re de s\u2019engager et de devenir acteur politique.<\/p>\n<p data-start=\"890\" data-end=\"1085\"><strong>albinfo.ch:<\/strong> Quels sont, selon vous, les principaux d\u00e9fis auxquels les jeunes issus de la migration sont confront\u00e9s \u00e0 Winterthur (par exemple dans l\u2019\u00e9ducation, l\u2019emploi, la participation sociale)?<\/p>\n<p data-start=\"1087\" data-end=\"2081\"><strong>Elmonda Bajraliu:<\/strong> Beaucoup de jeunes ont aujourd\u2019hui de la difficult\u00e9 \u00e0 trouver un emploi ou \u00e0 entrer sur le march\u00e9 du travail. Bien que le syst\u00e8me \u00e9ducatif en Suisse soit solide, les exigences sont tr\u00e8s \u00e9lev\u00e9es: formations suppl\u00e9mentaires, \u00e9tudes, exp\u00e9riences professionnelles sont souvent demand\u00e9es tr\u00e8s t\u00f4t. Je connais beaucoup de jeunes qui envoient un grand nombre de candidatures sans recevoir de r\u00e9ponse, alors m\u00eame qu\u2019on parle de p\u00e9nurie de main-d\u2019\u0153uvre. Cela cr\u00e9e de la frustration. En plus, certains font face \u00e0 des pr\u00e9jug\u00e9s, par exemple \u00e0 cause de leur nom de famille. Dans l\u2019\u00e9ducation aussi, il y a des d\u00e9fis. De nombreuses familles issues de la migration ne connaissent pas bien le syst\u00e8me scolaire suisse, souvent parce que les parents n\u2019ont pas \u00e9t\u00e9 scolaris\u00e9s ici. L\u2019information manque et parfois les finances sont un obstacle. Les mod\u00e8les d\u2019\u00e9tudes \u00e0 temps partiel sont tr\u00e8s importants, car ils permettent aux jeunes d\u2019\u00e9tudier tout en travaillant et en acqu\u00e9rant de l\u2019exp\u00e9rience.<\/p>\n<p data-start=\"2083\" data-end=\"2258\"><strong>albinfo.ch:<\/strong> Quel r\u00f4le attribuez-vous aux m\u00e9dias albanais en Suisse et au Kosovo pour mettre en lumi\u00e8re les histoires et les r\u00e9ussites de la nouvelle g\u00e9n\u00e9ration de la diaspora?<\/p>\n<p data-start=\"2260\" data-end=\"2895\"><strong>Elmonda Bajraliu:<\/strong> Les m\u00e9dias albanais sont tr\u00e8s importants, surtout pour nous qui vivons en Suisse ou \u00e0 l\u2019\u00e9tranger. Ils nous informent, nous gardent connect\u00e9s et nous motivent souvent, en particulier les jeunes. Lorsque nous voyons des histoires positives ou des r\u00e9ussites de personnes qui nous ressemblent, cela donne de la confiance et nous pousse \u00e0 croire que, nous aussi, nous pouvons r\u00e9ussir. Nous l\u2019avons longtemps vu dans le sport et de plus en plus aussi en politique. J\u2019aimerais que ces histoires soient encore plus souvent racont\u00e9es, notamment celles des jeunes et des femmes, pour montrer toutes les possibilit\u00e9s existantes.<\/p>\n<p data-start=\"2897\" data-end=\"3067\"><strong>albinfo.ch:<\/strong> Avez-vous d\u00e9j\u00e0 des contacts ou du soutien de la part d&#8217;organisations albanaises en Suisse? Comment souhaitez-vous collaborer avec elles durant votre campagne?<\/p>\n<p data-start=\"3069\" data-end=\"3766\"><strong>Elmonda Bajraliu:<\/strong> Pour le moment, j\u2019ai eu seulement quelques contacts avec des organisations albanaises, principalement parce que je travaille en banque en parall\u00e8le de mes \u00e9tudes et que le temps est souvent limit\u00e9. Cependant, j\u2019ai beaucoup d\u2019int\u00e9r\u00eat \u00e0 renforcer cette collaboration \u00e0 l\u2019avenir. R\u00e9cemment, j\u2019ai eu l\u2019occasion de participer \u00e0 une discussion sur la d\u00e9mocratie au-del\u00e0 des fronti\u00e8res, organis\u00e9e par une association d\u2019\u00e9tudiants albanais \u00e0 l\u2019Universit\u00e9 de Zurich. Leur engagement m\u2019a beaucoup impressionn\u00e9e et m\u2019a montr\u00e9 \u00e0 quel point de nombreux jeunes sont actifs et motiv\u00e9s. Ces rencontres me donnent l\u2019\u00e9lan n\u00e9cessaire pour \u00e9largir mes contacts et devenir plus active dans ce domaine.<\/p>\n<p data-start=\"3768\" data-end=\"3909\"><strong>albinfo.ch<\/strong>: Que r\u00e9pondez-vous \u00e0 ceux qui restent sceptiques quant \u00e0 l\u2019implication des jeunes, en particulier des jeunes femmes, en politique?<\/p>\n<p data-start=\"3911\" data-end=\"4088\"><strong>Elmonda Bajraliu:<\/strong> Dans une d\u00e9mocratie, il est essentiel que les femmes participent aux processus d\u00e9cisionnels, car c\u2019est ainsi que la politique refl\u00e8te r\u00e9ellement la population.<\/p>\n<p data-start=\"4090\" data-end=\"4258\"><strong>albinfo.ch:<\/strong> Quel message adressez-vous aux jeunes Albanais de Suisse qui se sentent \u00e9loign\u00e9s de la politique et ne croient pas que leur voix puisse faire la diff\u00e9rence?<\/p>\n<p data-start=\"4260\" data-end=\"4863\"><strong>Elmonda Bajraliu:<\/strong> Tout commence avec le courage de faire le premier pas. Si tu ne t\u2019engages pas, tu ne peux pas attendre que quelqu\u2019un d\u2019autre le fasse \u00e0 ta place. Cela vaut pour la politique comme pour la vie quotidienne. Les jeunes Albanais en Suisse ont beaucoup d\u2019opportunit\u00e9s \u2013 dans l\u2019\u00e9cole, le travail et leur vie personnelle. Les g\u00e9n\u00e9rations avant nous n\u2019ont pas toujours eu ces chances. C\u2019est pourquoi il est important d\u2019\u00eatre pers\u00e9v\u00e9rant, de ne pas abandonner lorsqu\u2019on rencontre des difficult\u00e9s et de croire en soi. Avec le temps et l\u2019engagement, chaque petit pas finit par cr\u00e9er un changement.<\/p>\n<p data-start=\"4865\" data-end=\"5042\"><strong>albinfo.ch:<\/strong> Quel serait pour vous un succ\u00e8s personnel apr\u00e8s quatre ans de mandat, si vous \u00eates \u00e9lue? Qu\u2019aimeriez-vous avoir concr\u00e8tement accompli pour la ville et la communaut\u00e9?<\/p>\n<p data-start=\"5044\" data-end=\"5555\"><strong>Elmonda Bajraliu:<\/strong> Pour moi, un grand succ\u00e8s serait que, dans quatre ans, les jeunes puissent dire: \u201cJe me sens \u00e9cout\u00e9 et pris au s\u00e9rieux.\u201d Pour moi, la politique, ce ne sont pas seulement les d\u00e9cisions, mais aussi la confiance qui se cr\u00e9e entre la politique et les citoyens. J\u2019aimerais surtout encourager les jeunes \u2013 y compris ceux issus de la migration \u2013 \u00e0 s\u2019engager et \u00e0 assumer des responsabilit\u00e9s. Je me vois comme quelqu\u2019un qui contribue \u00e0 r\u00e9duire les barri\u00e8res et \u00e0 montrer que l\u2019engagement est possible.<\/p>\n<p data-start=\"5557\" data-end=\"5967\">Il est \u00e9galement important que Winterthur reste financi\u00e8rement stable et continue d\u2019\u00eatre une ville forte en mati\u00e8re d\u2019emploi et d\u2019\u00e9ducation. Lorsque les finances sont g\u00e9r\u00e9es avec responsabilit\u00e9, plus d\u2019espace s\u2019ouvre pour l\u2019avenir. Si j\u2019arrive \u00e0 contribuer \u00e0 cela et en m\u00eame temps \u00e0 construire des ponts entre des personnes ayant des r\u00e9alit\u00e9s diff\u00e9rentes, alors je consid\u00e9rerai cela comme mon succ\u00e8s personnel.<\/p>\n<p><strong><a href=\"https:\/\/www.albinfo.ch\/wp-content\/uploads\/2025\/12\/elmonda-bajraliu-de.jpg\"><img loading=\"lazy\" decoding=\"async\" class=\"alignnone wp-image-879608\" src=\"https:\/\/www.albinfo.ch\/wp-content\/uploads\/2025\/12\/elmonda-bajraliu-de-1024x1024.jpg\" alt=\"\" width=\"600\" height=\"600\" srcset=\"https:\/\/www.albinfo.at\/wp-content\/uploads\/2025\/12\/elmonda-bajraliu-de-1024x1024.jpg 1024w, https:\/\/www.albinfo.at\/wp-content\/uploads\/2025\/12\/elmonda-bajraliu-de-300x300.jpg 300w, https:\/\/www.albinfo.at\/wp-content\/uploads\/2025\/12\/elmonda-bajraliu-de-150x150.jpg 150w, https:\/\/www.albinfo.at\/wp-content\/uploads\/2025\/12\/elmonda-bajraliu-de-768x768.jpg 768w, https:\/\/www.albinfo.at\/wp-content\/uploads\/2025\/12\/elmonda-bajraliu-de-396x396.jpg 396w, https:\/\/www.albinfo.at\/wp-content\/uploads\/2025\/12\/elmonda-bajraliu-de-280x280.jpg 280w, https:\/\/www.albinfo.at\/wp-content\/uploads\/2025\/12\/elmonda-bajraliu-de-100x100.jpg 100w, https:\/\/www.albinfo.at\/wp-content\/uploads\/2025\/12\/elmonda-bajraliu-de-175x175.jpg 175w, https:\/\/www.albinfo.at\/wp-content\/uploads\/2025\/12\/elmonda-bajraliu-de.jpg 1080w\" sizes=\"auto, (max-width: 600px) 100vw, 600px\" \/><\/a><\/strong><\/p>\n<p data-start=\"16\" data-end=\"202\"><strong>albinfo.ch:<\/strong> Et enfin, quelle est la meilleure mani\u00e8re pour les citoyens\u00a0 en particulier les Albanais de Winterthur\u00a0 de vous soutenir et de rester inform\u00e9s sur votre activit\u00e9 politique?<\/p>\n<p data-start=\"204\" data-end=\"1465\"><strong>Elmonda Bajraliu:<\/strong> Actuellement, je suis tr\u00e8s active sur les r\u00e9seaux sociaux comme Instagram et LinkedIn, o\u00f9 je partage r\u00e9guli\u00e8rement des informations sur mon engagement et mes activit\u00e9s politiques. J\u2019ai \u00e9galement mon site officiel <a class=\"decorated-link\" href=\"http:\/\/www.elmonda-bajraliu.ch\" target=\"_new\" rel=\"noopener\" data-start=\"435\" data-end=\"458\">www.elmonda-bajraliu.ch<\/a>, o\u00f9 les personnes int\u00e9ress\u00e9es peuvent trouver des informations plus d\u00e9taill\u00e9es.<br data-start=\"538\" data-end=\"541\" \/>Ceux qui souhaitent me soutenir peuvent me contacter directement. Je me r\u00e9jouis de toute aide pour la distribution des flyers, qui seront disponibles en albanais et en allemand. Je suis aussi tr\u00e8s reconnaissante envers ceux qui les partagent en ligne, les transmettent physiquement ou parlent de moi \u00e0 leurs amis et connaissances.<br data-start=\"871\" data-end=\"874\" \/>Sur mon site internet, le bulletin de versement (Einzahlungsschein) est \u00e9galement disponible pour ceux qui souhaitent contribuer financi\u00e8rement. Une campagne \u00e9lectorale engendre des d\u00e9penses, et chaque soutien financier est tr\u00e8s pr\u00e9cieux pour moi. Les dons sont aussi d\u00e9ductibles des imp\u00f4ts, conform\u00e9ment aux r\u00e8gles en vigueur.<br data-start=\"1201\" data-end=\"1204\" \/>De plus, toute personne qui a la possibilit\u00e9 d\u2019afficher des posters dans son quartier ou sur sa propri\u00e9t\u00e9 est invit\u00e9e \u00e0 me contacter.<br data-start=\"1337\" data-end=\"1340\" data-is-only-node=\"\" \/>Je remercie de tout c\u0153ur toutes celles et tous ceux qui me soutiennent, me font confiance et m\u2019accompagnent dans ce parcours.<\/p>\n<p>&nbsp;<\/p>\n<p>&nbsp;<\/p>\n","protected":false},"excerpt":{"rendered":"<p>Dans la politique locale de Winterthur \u00e9merge une nouvelle g\u00e9n\u00e9ration de voix, d\u2019\u00e9nergies et de perspectives. Parmi elles se distingue Elmonda Bajraliu, un nom de plus en plus associ\u00e9 \u00e0 la participation citoyenne et \u00e0 la repr\u00e9sentation des jeunes. N\u00e9e et \u00e9lev\u00e9e \u00e0 Winterthur, elle a grandi entre deux cultures, deux langues et deux univers, [&hellip;]<\/p>\n","protected":false},"author":6,"featured_media":879613,"comment_status":"closed","ping_status":"closed","sticky":false,"template":"","format":"standard","meta":{"footnotes":""},"categories":[1171,24637,1164,1165,1163,1170],"tags":[],"vendi":[],"content_country":[],"class_list":["post-879782","post","type-post","status-publish","format-standard","has-post-thumbnail","hentry","category-thematique","category-nouvelles-fr-4","category-integration-fr","category-femmes","category-fr-e-diaspora","category-vivre-en-suisse"],"acf":[],"_links":{"self":[{"href":"https:\/\/www.albinfo.at\/fr\/wp-json\/wp\/v2\/posts\/879782","targetHints":{"allow":["GET"]}}],"collection":[{"href":"https:\/\/www.albinfo.at\/fr\/wp-json\/wp\/v2\/posts"}],"about":[{"href":"https:\/\/www.albinfo.at\/fr\/wp-json\/wp\/v2\/types\/post"}],"author":[{"embeddable":true,"href":"https:\/\/www.albinfo.at\/fr\/wp-json\/wp\/v2\/users\/6"}],"replies":[{"embeddable":true,"href":"https:\/\/www.albinfo.at\/fr\/wp-json\/wp\/v2\/comments?post=879782"}],"version-history":[{"count":2,"href":"https:\/\/www.albinfo.at\/fr\/wp-json\/wp\/v2\/posts\/879782\/revisions"}],"predecessor-version":[{"id":879784,"href":"https:\/\/www.albinfo.at\/fr\/wp-json\/wp\/v2\/posts\/879782\/revisions\/879784"}],"wp:featuredmedia":[{"embeddable":true,"href":"https:\/\/www.albinfo.at\/fr\/wp-json\/wp\/v2\/media\/879613"}],"wp:attachment":[{"href":"https:\/\/www.albinfo.at\/fr\/wp-json\/wp\/v2\/media?parent=879782"}],"wp:term":[{"taxonomy":"category","embeddable":true,"href":"https:\/\/www.albinfo.at\/fr\/wp-json\/wp\/v2\/categories?post=879782"},{"taxonomy":"post_tag","embeddable":true,"href":"https:\/\/www.albinfo.at\/fr\/wp-json\/wp\/v2\/tags?post=879782"},{"taxonomy":"vendi","embeddable":true,"href":"https:\/\/www.albinfo.at\/fr\/wp-json\/wp\/v2\/vendi?post=879782"},{"taxonomy":"content_country","embeddable":true,"href":"https:\/\/www.albinfo.at\/fr\/wp-json\/wp\/v2\/content_country?post=879782"}],"curies":[{"name":"wp","href":"https:\/\/api.w.org\/{rel}","templated":true}]}}