{"id":879702,"date":"2025-12-03T18:26:55","date_gmt":"2025-12-03T17:26:55","guid":{"rendered":"https:\/\/www.albinfo.ch\/?p=879702"},"modified":"2025-12-03T20:31:42","modified_gmt":"2025-12-03T19:31:42","slug":"shaqiri-parle-de-la-pauvrete-quil-a-vecue-durant-son-enfance","status":"publish","type":"post","link":"https:\/\/www.albinfo.at\/fr\/shaqiri-parle-de-la-pauvrete-quil-a-vecue-durant-son-enfance\/","title":{"rendered":"Shaqiri parle de la pauvret\u00e9 qu\u2019il a v\u00e9cue durant son enfance"},"content":{"rendered":"<p data-start=\"16\" data-end=\"365\">Les m\u00e9dias suisses \u00e9crivent que Xherdan Shaqiri s\u2019est enrichi gr\u00e2ce au football. Il a jou\u00e9 pour de grands clubs. Le capitaine actuel du FC B\u00e2le a \u00e9volu\u00e9 notamment au Bayern, \u00e0 l\u2019Inter et \u00e0 Liverpool. Mais dans sa jeunesse, il a d\u00fb travailler pour payer sa cotisation \u00e0 B\u00e2le, comme il l\u2019a racont\u00e9 dans un nouveau format de\u00a0 SRF , rapporte albinfo.ch.<\/p>\n<p data-start=\"367\" data-end=\"671\">Durant son enfance, la situation financi\u00e8re de la famille Shaqiri n\u2019\u00e9tait pas bonne. Il a grandi dans des conditions modestes, vivant avec toute sa famille dans une ferme \u00e0 Augst. Ils ne disposaient que d\u2019une seule pi\u00e8ce. La famille Shaqiri ne pouvait pratiquement jamais s\u2019offrir de v\u00e9ritables vacances.<\/p>\n<p data-start=\"673\" data-end=\"996\">&#8220;Mon premier cadeau d\u2019anniversaire a \u00e9t\u00e9 le maillot de Ronaldo avec le Br\u00e9sil. Il n\u2019\u00e9tait pas original, mais j\u2019\u00e9tais vraiment heureux&#8221;, a d\u00e9clar\u00e9 Shaqiri \u00e0 Lina, une journaliste de onze ans qui l\u2019a interview\u00e9 pour le nouveau programme SRF Kids. Le premier \u00e9pisode du format montrait ce que signifie \u00eatre pauvre en Suisse.<\/p>\n<p data-start=\"998\" data-end=\"1166\">\u201cLa cotisation pour jouer au FC B\u00e2le \u00e9tait inabordable pour mes parents. C\u2019est pourquoi mon fr\u00e8re et moi avons d\u00fb travailler pour pouvoir la payer\u201d, a expliqu\u00e9 Shaqiri.<\/p>\n<p data-start=\"1168\" data-end=\"1231\">La star du football dit que cette situation le pesait beaucoup.<\/p>\n<p data-start=\"1233\" data-end=\"1287\">&#8220;Cela me faisait me sentir inquiet et un peu honteux.&#8221;<\/p>\n<p data-start=\"1289\" data-end=\"1438\">Cependant, il a soulign\u00e9 qu\u2019en r\u00e9alit\u00e9, on ne devrait pas avoir honte lorsqu\u2019on a peu d\u2019argent. Cela vaut pour de nombreuses personnes dans le monde.<\/p>\n<p data-start=\"1440\" data-end=\"1610\">\u00c0 l\u2019\u00e2ge de 17 ans, Shaqiri a sign\u00e9 son premier contrat professionnel avec le FC B\u00e2le. Il s\u2019est dit reconnaissant et heureux d\u2019avoir pu offrir quelque chose \u00e0 ses parents.<\/p>\n","protected":false},"excerpt":{"rendered":"<p>Les m\u00e9dias suisses \u00e9crivent que Xherdan Shaqiri s\u2019est enrichi gr\u00e2ce au football. Il a jou\u00e9 pour de grands clubs. Le capitaine actuel du FC B\u00e2le a \u00e9volu\u00e9 notamment au Bayern, \u00e0 l\u2019Inter et \u00e0 Liverpool. Mais dans sa jeunesse, il a d\u00fb travailler pour payer sa cotisation \u00e0 B\u00e2le, comme il l\u2019a racont\u00e9 dans un [&hellip;]<\/p>\n","protected":false},"author":6,"featured_media":829067,"comment_status":"closed","ping_status":"closed","sticky":false,"template":"","format":"standard","meta":{"footnotes":""},"categories":[24630,24671,1169],"tags":[],"vendi":[],"content_country":[],"class_list":["post-879702","post","type-post","status-publish","format-standard","has-post-thumbnail","hentry","category-nouvelles","category-football","category-sport-fr"],"acf":[],"_links":{"self":[{"href":"https:\/\/www.albinfo.at\/fr\/wp-json\/wp\/v2\/posts\/879702","targetHints":{"allow":["GET"]}}],"collection":[{"href":"https:\/\/www.albinfo.at\/fr\/wp-json\/wp\/v2\/posts"}],"about":[{"href":"https:\/\/www.albinfo.at\/fr\/wp-json\/wp\/v2\/types\/post"}],"author":[{"embeddable":true,"href":"https:\/\/www.albinfo.at\/fr\/wp-json\/wp\/v2\/users\/6"}],"replies":[{"embeddable":true,"href":"https:\/\/www.albinfo.at\/fr\/wp-json\/wp\/v2\/comments?post=879702"}],"version-history":[{"count":1,"href":"https:\/\/www.albinfo.at\/fr\/wp-json\/wp\/v2\/posts\/879702\/revisions"}],"predecessor-version":[{"id":879703,"href":"https:\/\/www.albinfo.at\/fr\/wp-json\/wp\/v2\/posts\/879702\/revisions\/879703"}],"wp:featuredmedia":[{"embeddable":true,"href":"https:\/\/www.albinfo.at\/fr\/wp-json\/wp\/v2\/media\/829067"}],"wp:attachment":[{"href":"https:\/\/www.albinfo.at\/fr\/wp-json\/wp\/v2\/media?parent=879702"}],"wp:term":[{"taxonomy":"category","embeddable":true,"href":"https:\/\/www.albinfo.at\/fr\/wp-json\/wp\/v2\/categories?post=879702"},{"taxonomy":"post_tag","embeddable":true,"href":"https:\/\/www.albinfo.at\/fr\/wp-json\/wp\/v2\/tags?post=879702"},{"taxonomy":"vendi","embeddable":true,"href":"https:\/\/www.albinfo.at\/fr\/wp-json\/wp\/v2\/vendi?post=879702"},{"taxonomy":"content_country","embeddable":true,"href":"https:\/\/www.albinfo.at\/fr\/wp-json\/wp\/v2\/content_country?post=879702"}],"curies":[{"name":"wp","href":"https:\/\/api.w.org\/{rel}","templated":true}]}}