{"id":87948,"date":"2015-07-12T14:56:50","date_gmt":"2015-07-12T12:56:50","guid":{"rendered":"http:\/\/www.albinfo.ch\/?p=87948"},"modified":"2015-07-20T17:19:50","modified_gmt":"2015-07-20T15:19:50","slug":"albinfo-ch-me-numrin-special-zbulo-bukurite-e-kosoves-2-2","status":"publish","type":"post","link":"https:\/\/www.albinfo.at\/fr\/albinfo-ch-me-numrin-special-zbulo-bukurite-e-kosoves-2-2\/","title":{"rendered":"Num\u00e9ro sp\u00e9cial d\u2019albinfo.ch : D\u00e9couvre les beaut\u00e9s du Kosovo !"},"content":{"rendered":"<div class=\"galery-slider\"><ul class=\"slides\"><li>\n\t\t\t\t\t\t\t<a data-litebox-text=\"\" data-litebox-group=\"article-gallery\" href=\"https:\/\/www.albinfo.at\/wp-content\/uploads\/2015\/07\/albinfo.ch-guida.jpg\" class=\"litebox\"><img decoding=\"async\" loading=\"lazy\" src=\"https:\/\/www.albinfo.at\/wp-content\/uploads\/2015\/07\/albinfo.ch-guida-586x389.jpg\"\/><\/a>\n\t\t\t\t\t\t\t<div class=\"articleIntro articleText\">\n\t\t\t\t\t\t\t\t<p><\/p>\n\t\t\t\t\t\t\t<\/div>\n                        <\/li><li>\n\t\t\t\t\t\t\t<a data-litebox-text=\"\" data-litebox-group=\"article-gallery\" href=\"https:\/\/www.albinfo.at\/wp-content\/uploads\/2015\/07\/pr1.png\" class=\"litebox\"><img decoding=\"async\" loading=\"lazy\" src=\"https:\/\/www.albinfo.at\/wp-content\/uploads\/2015\/07\/pr1-586x389.png\"\/><\/a>\n\t\t\t\t\t\t\t<div class=\"articleIntro articleText\">\n\t\t\t\t\t\t\t\t<p><\/p>\n\t\t\t\t\t\t\t<\/div>\n                        <\/li><li>\n\t\t\t\t\t\t\t<a data-litebox-text=\"\" data-litebox-group=\"article-gallery\" href=\"https:\/\/www.albinfo.at\/wp-content\/uploads\/2015\/07\/pr3.png\" class=\"litebox\"><img decoding=\"async\" loading=\"lazy\" src=\"https:\/\/www.albinfo.at\/wp-content\/uploads\/2015\/07\/pr3-586x389.png\"\/><\/a>\n\t\t\t\t\t\t\t<div class=\"articleIntro articleText\">\n\t\t\t\t\t\t\t\t<p><\/p>\n\t\t\t\t\t\t\t<\/div>\n                        <\/li><li>\n\t\t\t\t\t\t\t<a data-litebox-text=\"\" data-litebox-group=\"article-gallery\" href=\"https:\/\/www.albinfo.at\/wp-content\/uploads\/2015\/07\/pr4.png\" class=\"litebox\"><img decoding=\"async\" loading=\"lazy\" src=\"https:\/\/www.albinfo.at\/wp-content\/uploads\/2015\/07\/pr4-586x389.png\"\/><\/a>\n\t\t\t\t\t\t\t<div class=\"articleIntro articleText\">\n\t\t\t\t\t\t\t\t<p><\/p>\n\t\t\t\t\t\t\t<\/div>\n                        <\/li><\/ul><div class=\"slidesounter\"><span class=\"slide-current-slide\"><\/span><span class=\"slide-total-slides\"><\/span><\/div><\/div><link href=\"https:\/\/www.albinfo.at\/wp-content\/themes\/albinfo\/assets\/css\/litebox.css\" rel=\"stylesheet\" type=\"text\/css\" media=\"all\" \/><script src=\"https:\/\/www.albinfo.at\/wp-content\/themes\/albinfo\/assets\/js\/images-loaded.min.js\" type=\"text\/javascript\"><\/script><script src=\"https:\/\/www.albinfo.at\/wp-content\/themes\/albinfo\/assets\/js\/litebox.min.js\" type=\"text\/javascript\"><\/script>\n        <script type=\"text\/javascript\">\n            jQuery(window).load(function() {\n              jQuery(\".flexslider7\").flexslider({\n                animation: \"slide\",\n                controlNav: false,\n                animationLoop: false,\n                slideshow: false,\n              });\n            });\n\t\t\tjQuery(\".litebox\").liteBox();\n        <\/script>\n<p>&nbsp;<\/p>\n<p>Le nouveau num\u00e9ro sp\u00e9cial du magazine albinfo.ch a \u00e9t\u00e9 publi\u00e9 samedi dernier. Cette fois, le magazine a \u00e9t\u00e9 con\u00e7u comme un guide. Nous avons cherch\u00e9 \u00e0 montrer tout ce que le Kosovo peut offrir aux compatriotes qui font irruption pour leurs vacances d\u2019\u00e9t\u00e9.<\/p>\n<p>Dans ce guide vous d\u00e9couvrirez diverses informations telles que des conseils utiles au bon d\u00e9roulement de votre voyage au Kosovo, une description du fonctionnement de l\u2019administration municipale au service des migrants, une explication des innovations sur l\u2019assurance des v\u00e9hicules qui viennent de l\u2019\u00e9tranger, ou encore des informations sur les possibilit\u00e9s de location de voiture sur place. Pour finir, vous trouverez une pr\u00e9sentation grand-angle de l\u2019offre touristique du Kosovo.<\/p>\n<p>En ce qui concerne le tourisme, ce num\u00e9ro du magazine offre un large choix de lieux peu connus qui n\u2019attendent qu\u2019\u00e0 \u00eatre explor\u00e9s par les compatriotes de la diaspora et par les r\u00e9sidents permanents du Kosovo. \u00c0 travers nos pages et notre s\u00e9lection de photos, les lecteurs auront un avant-go\u00fbt des Alpes albanaises, s\u2019informeront sur des lieux comme Gryka e Rugov\u00ebs, Burimi i Drinit t\u00eb Bardh\u00eb, Liqenet e Mirush\u00ebs, la vieille ville de Prizren, Brezovica, Prevalla, Boga, la Bifurcation du fleuve Nerodime, le ch\u00e2teau de Novob\u00ebrd\u00eb, le Mus\u00e9e Ethnologique du Kosovo \u00e0 Prishtina et sur d\u2019autres lieux qui cachent un potentiel touristique consid\u00e9rable.En raison du concept tr\u00e8s sp\u00e9cifique de ce num\u00e9ro d\u2019albinfo.ch, la plus grande partie du tirage, qui pour l\u2019occasion a \u00e9t\u00e9 doubl\u00e9, sera distribu\u00e9e au Kosovo.<\/p>\n<p>Le magazine se trouvera d\u2019abord dans les mains des lecteurs de la diaspora qui d\u00e9barqueront sur le territoire kosovar par le ciel ou par la terre. Du 11 au 16 juillet le magazine sera distribu\u00e9 par les jeunes h\u00f4tesses de l\u2019a\u00e9roport \u00ab Adem Jashari \u00bb \u00e0 Prishtina, dans les passages frontaliers de Merdare et \u00e0 Dheu i Bardh\u00eb. Par la suite il sera disponible dans les agences de voyages, les h\u00f4tels et les restaurants.<\/p>\n<div class=\"yj6qo ajU\">\n<div id=\":mb\" class=\"ajR\" tabindex=\"0\" data-tooltip=\"Masquer le contenu abr\u00e9g\u00e9\"><img decoding=\"async\" class=\"ajT\" src=\"https:\/\/ssl.gstatic.com\/ui\/v1\/icons\/mail\/images\/cleardot.gif\" alt=\"\" \/><\/div>\n<\/div>\n<div class=\"galery-slider\"><ul class=\"slides\"><li>\n\t\t\t\t\t\t\t<a data-litebox-text=\"Shp\u00ebrndarja e revist\u00ebs nga promotoret e albinfo.ch n\u00eb vendkalimin kufitar Dheu i Bardh\u00eb\" data-litebox-group=\"article-gallery\" href=\"https:\/\/www.albinfo.at\/wp-content\/uploads\/2015\/07\/img_2657.jpg\" class=\"litebox\"><img decoding=\"async\" loading=\"lazy\" src=\"https:\/\/www.albinfo.at\/wp-content\/uploads\/2015\/07\/img_2657-586x389.jpg\"\/><\/a>\n\t\t\t\t\t\t\t<div class=\"articleIntro articleText\">\n\t\t\t\t\t\t\t\t<p>Shp\u00ebrndarja e revist\u00ebs nga promotoret e albinfo.ch n\u00eb vendkalimin kufitar Dheu i Bardh\u00eb<\/p>\n\t\t\t\t\t\t\t<\/div>\n                        <\/li><li>\n\t\t\t\t\t\t\t<a data-litebox-text=\"Shp\u00ebrndarja e revist\u00ebs nga promotoret e albinfo.ch n\u00eb vendkalimin kufitar Dheu i Bardh\u00eb\" data-litebox-group=\"article-gallery\" href=\"https:\/\/www.albinfo.at\/wp-content\/uploads\/2015\/07\/img_2660.jpg\" class=\"litebox\"><img decoding=\"async\" loading=\"lazy\" src=\"https:\/\/www.albinfo.at\/wp-content\/uploads\/2015\/07\/img_2660-586x389.jpg\"\/><\/a>\n\t\t\t\t\t\t\t<div class=\"articleIntro articleText\">\n\t\t\t\t\t\t\t\t<p>Shp\u00ebrndarja e revist\u00ebs nga promotoret e albinfo.ch n\u00eb vendkalimin kufitar Dheu i Bardh\u00eb<\/p>\n\t\t\t\t\t\t\t<\/div>\n                        <\/li><li>\n\t\t\t\t\t\t\t<a data-litebox-text=\"Shp\u00ebrndarja e revist\u00ebs nga promotoret e albinfo.ch n\u00eb vendkalimin kufitar Dheun i Bardh\u00eb\" data-litebox-group=\"article-gallery\" href=\"https:\/\/www.albinfo.at\/wp-content\/uploads\/2015\/07\/img_2666.jpg\" class=\"litebox\"><img decoding=\"async\" loading=\"lazy\" src=\"https:\/\/www.albinfo.at\/wp-content\/uploads\/2015\/07\/img_2666-586x389.jpg\"\/><\/a>\n\t\t\t\t\t\t\t<div class=\"articleIntro articleText\">\n\t\t\t\t\t\t\t\t<p>Shp\u00ebrndarja e revist\u00ebs nga promotoret e albinfo.ch n\u00eb vendkalimin kufitar Dheun i Bardh\u00eb<\/p>\n\t\t\t\t\t\t\t<\/div>\n                        <\/li><li>\n\t\t\t\t\t\t\t<a data-litebox-text=\"Shp\u00ebrndarja e revist\u00ebs nga promotoret e albinfo.ch n\u00eb vendkalimin kufitar Dheu i Bardh\u00eb\" data-litebox-group=\"article-gallery\" href=\"https:\/\/www.albinfo.at\/wp-content\/uploads\/2015\/07\/img_2673.jpg\" class=\"litebox\"><img decoding=\"async\" loading=\"lazy\" src=\"https:\/\/www.albinfo.at\/wp-content\/uploads\/2015\/07\/img_2673-586x389.jpg\"\/><\/a>\n\t\t\t\t\t\t\t<div class=\"articleIntro articleText\">\n\t\t\t\t\t\t\t\t<p>Shp\u00ebrndarja e revist\u00ebs nga promotoret e albinfo.ch n\u00eb vendkalimin kufitar Dheu i Bardh\u00eb<\/p>\n\t\t\t\t\t\t\t<\/div>\n                        <\/li><li>\n\t\t\t\t\t\t\t<a data-litebox-text=\"Shp\u00ebrndarja e revist\u00ebs nga promotoret e albinfo.ch n\u00eb vendkalimin kufitar Dheu i Bardh\u00eb\" data-litebox-group=\"article-gallery\" href=\"https:\/\/www.albinfo.at\/wp-content\/uploads\/2015\/07\/img_2676.jpg\" class=\"litebox\"><img decoding=\"async\" loading=\"lazy\" src=\"https:\/\/www.albinfo.at\/wp-content\/uploads\/2015\/07\/img_2676-586x389.jpg\"\/><\/a>\n\t\t\t\t\t\t\t<div class=\"articleIntro articleText\">\n\t\t\t\t\t\t\t\t<p>Shp\u00ebrndarja e revist\u00ebs nga promotoret e albinfo.ch n\u00eb vendkalimin kufitar Dheu i Bardh\u00eb<\/p>\n\t\t\t\t\t\t\t<\/div>\n                        <\/li><li>\n\t\t\t\t\t\t\t<a data-litebox-text=\"Shp\u00ebrndarja e revist\u00ebs nga promotoret e albinfo.ch n\u00eb vendkalimin kufitar Dheu i Bardh\u00eb\" data-litebox-group=\"article-gallery\" href=\"https:\/\/www.albinfo.at\/wp-content\/uploads\/2015\/07\/img_2677.jpg\" class=\"litebox\"><img decoding=\"async\" loading=\"lazy\" src=\"https:\/\/www.albinfo.at\/wp-content\/uploads\/2015\/07\/img_2677-586x389.jpg\"\/><\/a>\n\t\t\t\t\t\t\t<div class=\"articleIntro articleText\">\n\t\t\t\t\t\t\t\t<p>Shp\u00ebrndarja e revist\u00ebs nga promotoret e albinfo.ch n\u00eb vendkalimin kufitar Dheu i Bardh\u00eb<\/p>\n\t\t\t\t\t\t\t<\/div>\n                        <\/li><li>\n\t\t\t\t\t\t\t<a data-litebox-text=\"Shp\u00ebrndarja e revist\u00ebs nga promotoret e albinfo.ch n\u00eb vendkalimin kufitar Dheu i Bardh\u00eb\" data-litebox-group=\"article-gallery\" href=\"https:\/\/www.albinfo.at\/wp-content\/uploads\/2015\/07\/shperndarja-e-gazetes.jpg\" class=\"litebox\"><img decoding=\"async\" loading=\"lazy\" src=\"https:\/\/www.albinfo.at\/wp-content\/uploads\/2015\/07\/shperndarja-e-gazetes-586x389.jpg\"\/><\/a>\n\t\t\t\t\t\t\t<div class=\"articleIntro articleText\">\n\t\t\t\t\t\t\t\t<p>Shp\u00ebrndarja e revist\u00ebs nga promotoret e albinfo.ch n\u00eb vendkalimin kufitar Dheu i Bardh\u00eb<\/p>\n\t\t\t\t\t\t\t<\/div>\n                        <\/li><li>\n\t\t\t\t\t\t\t<a data-litebox-text=\"Shp\u00ebrndarja e revist\u00ebs nga promotoret e albinfo.ch n\u00eb vendkalimin kufitar Dheu i Bardh\u00eb\" data-litebox-group=\"article-gallery\" href=\"https:\/\/www.albinfo.at\/wp-content\/uploads\/2015\/07\/shperndarja.jpg\" class=\"litebox\"><img decoding=\"async\" loading=\"lazy\" src=\"https:\/\/www.albinfo.at\/wp-content\/uploads\/2015\/07\/shperndarja-586x389.jpg\"\/><\/a>\n\t\t\t\t\t\t\t<div class=\"articleIntro articleText\">\n\t\t\t\t\t\t\t\t<p>Shp\u00ebrndarja e revist\u00ebs nga promotoret e albinfo.ch n\u00eb vendkalimin kufitar Dheu i Bardh\u00eb<\/p>\n\t\t\t\t\t\t\t<\/div>\n                        <\/li><\/ul><div class=\"slidesounter\"><span class=\"slide-current-slide\"><\/span><span class=\"slide-total-slides\"><\/span><\/div><\/div><link href=\"https:\/\/www.albinfo.at\/wp-content\/themes\/albinfo\/assets\/css\/litebox.css\" rel=\"stylesheet\" type=\"text\/css\" media=\"all\" \/><script src=\"https:\/\/www.albinfo.at\/wp-content\/themes\/albinfo\/assets\/js\/images-loaded.min.js\" type=\"text\/javascript\"><\/script><script src=\"https:\/\/www.albinfo.at\/wp-content\/themes\/albinfo\/assets\/js\/litebox.min.js\" type=\"text\/javascript\"><\/script>\n        <script type=\"text\/javascript\">\n            jQuery(window).load(function() {\n              jQuery(\".flexslider7\").flexslider({\n                animation: \"slide\",\n                controlNav: false,\n                animationLoop: false,\n                slideshow: false,\n              });\n            });\n\t\t\tjQuery(\".litebox\").liteBox();\n        <\/script>\n","protected":false},"excerpt":{"rendered":"<p>&nbsp; Le nouveau num\u00e9ro sp\u00e9cial du magazine albinfo.ch a \u00e9t\u00e9 publi\u00e9 samedi dernier. Cette fois, le magazine a \u00e9t\u00e9 con\u00e7u comme un guide. Nous avons cherch\u00e9 \u00e0 montrer tout ce que le Kosovo peut offrir aux compatriotes qui font irruption pour leurs vacances d\u2019\u00e9t\u00e9. Dans ce guide vous d\u00e9couvrirez diverses informations telles que des conseils [&hellip;]<\/p>\n","protected":false},"author":4,"featured_media":87783,"comment_status":"open","ping_status":"open","sticky":false,"template":"","format":"standard","meta":{"footnotes":""},"categories":[1161,2219,1163,1184,1186],"tags":[],"vendi":[],"content_country":[],"class_list":["post-87948","post","type-post","status-publish","format-standard","has-post-thumbnail","hentry","category-investissement","category-guide-touristique-decouvrez-les-splendeurs-du-kosovo","category-fr-e-diaspora","category-fotolajmi-fr","category-couverture-de-terrain"],"acf":[],"_links":{"self":[{"href":"https:\/\/www.albinfo.at\/fr\/wp-json\/wp\/v2\/posts\/87948","targetHints":{"allow":["GET"]}}],"collection":[{"href":"https:\/\/www.albinfo.at\/fr\/wp-json\/wp\/v2\/posts"}],"about":[{"href":"https:\/\/www.albinfo.at\/fr\/wp-json\/wp\/v2\/types\/post"}],"author":[{"embeddable":true,"href":"https:\/\/www.albinfo.at\/fr\/wp-json\/wp\/v2\/users\/4"}],"replies":[{"embeddable":true,"href":"https:\/\/www.albinfo.at\/fr\/wp-json\/wp\/v2\/comments?post=87948"}],"version-history":[{"count":0,"href":"https:\/\/www.albinfo.at\/fr\/wp-json\/wp\/v2\/posts\/87948\/revisions"}],"wp:featuredmedia":[{"embeddable":true,"href":"https:\/\/www.albinfo.at\/fr\/wp-json\/wp\/v2\/media\/87783"}],"wp:attachment":[{"href":"https:\/\/www.albinfo.at\/fr\/wp-json\/wp\/v2\/media?parent=87948"}],"wp:term":[{"taxonomy":"category","embeddable":true,"href":"https:\/\/www.albinfo.at\/fr\/wp-json\/wp\/v2\/categories?post=87948"},{"taxonomy":"post_tag","embeddable":true,"href":"https:\/\/www.albinfo.at\/fr\/wp-json\/wp\/v2\/tags?post=87948"},{"taxonomy":"vendi","embeddable":true,"href":"https:\/\/www.albinfo.at\/fr\/wp-json\/wp\/v2\/vendi?post=87948"},{"taxonomy":"content_country","embeddable":true,"href":"https:\/\/www.albinfo.at\/fr\/wp-json\/wp\/v2\/content_country?post=87948"}],"curies":[{"name":"wp","href":"https:\/\/api.w.org\/{rel}","templated":true}]}}