{"id":879424,"date":"2025-12-02T19:38:28","date_gmt":"2025-12-02T18:38:28","guid":{"rendered":"https:\/\/www.albinfo.ch\/?p=879424"},"modified":"2025-12-02T22:42:53","modified_gmt":"2025-12-02T21:42:53","slug":"le-capitaine-kosovar-amir-rrahmani-est-declare-le-meilleur-defenseur-de-la-saison-en-italie","status":"publish","type":"post","link":"https:\/\/www.albinfo.at\/fr\/le-capitaine-kosovar-amir-rrahmani-est-declare-le-meilleur-defenseur-de-la-saison-en-italie\/","title":{"rendered":"Le capitaine kosovar Amir Rrahmani est d\u00e9clar\u00e9 le meilleur d\u00e9fenseur de la saison en Italie"},"content":{"rendered":"<p data-start=\"16\" data-end=\"359\">Le capitaine du Kosovo, Amir Rrahmani, a r\u00e9alis\u00e9 un autre grand succ\u00e8s dans sa carri\u00e8re en \u00e9tant s\u00e9lectionn\u00e9 dans l\u2019\u00e9quipe type de la Serie A pour la saison 2024\/2025. Rrahmani a dirig\u00e9 la d\u00e9fense de Naples, qui a triomph\u00e9 dans le championnat italien, en montrant constance et leadership durant les 38 matchs de la saison, rapporte albinfo.ch.<\/p>\n<p data-start=\"361\" data-end=\"822\">La prestigieuse c\u00e9r\u00e9monie &#8221; Gran Gala del Calcio &#8220;, organis\u00e9e par l\u2019Association Italienne des Footballeurs (AIC), s\u2019est tenue lundi \u00e0 Milan, o\u00f9 les meilleurs joueurs de la saison ont \u00e9t\u00e9 r\u00e9compens\u00e9s selon leurs postes. D\u2019apr\u00e8s les votes des joueurs, Rrahmani et Alessandro Bastoni de l\u2019Inter ont \u00e9t\u00e9 proclam\u00e9s meilleurs d\u00e9fenseurs centraux, tandis que Denzel Dumfries (Inter) et Federico Dimarco (Inter) ont \u00e9t\u00e9 d\u00e9sign\u00e9s meilleurs lat\u00e9ral droit et lat\u00e9ral gauche.<\/p>\n<p data-start=\"824\" data-end=\"1253\">Dans le reste de l\u2019\u00e9quipe type, le meilleur gardien a \u00e9t\u00e9 Mile Svilar (Roma). Le meilleur milieu \u00e9tait compos\u00e9 de Nicolo Barella (Inter), Scott McTominay (Naples) et Tijjani Reijnders (Milan), tandis que les meilleurs attaquants \u00e9taient Lautaro Martinez (Inter), Moise Kean (Fiorentina) et Mateo Retegui (Atalanta, actuellement \u00e0 Al Qadsiah). Le milieu \u00e9cossais de Naples, Scott McTominay, a \u00e9t\u00e9 \u00e9lu meilleur joueur de la saison.<\/p>\n<p data-start=\"1255\" data-end=\"1429\">Apr\u00e8s avoir re\u00e7u son prix, Rrahmani a comment\u00e9 bri\u00e8vement:<br data-start=\"1313\" data-end=\"1316\" \/>&#8221; Je travaille chaque ann\u00e9e pour m\u2019am\u00e9liorer &#8220;, exprimant ainsi son engagement constant envers Naples et le Kosovo.<\/p>\n<p data-start=\"1431\" data-end=\"1754\">Selon Sky Sport Italia, la s\u00e9lection de l\u2019\u00e9quipe type refl\u00e8te la constance et le leadership de Rrahmani malgr\u00e9 les changements d\u2019entra\u00eeneurs et l\u2019arriv\u00e9e de nouveaux joueurs \u00e0 Naples. Il a jou\u00e9 avec diff\u00e9rents partenaires en d\u00e9fense, de Kim \u00e0 Buongiorno, tout en maintenant un niveau \u00e9lev\u00e9 dans tous les d\u00e9fis de la saison.<\/p>\n<p data-start=\"1756\" data-end=\"1977\">Rrahmani continue d\u2019\u00eatre la pi\u00e8ce ma\u00eetresse de la d\u00e9fense de Naples, qui se bat cette saison encore pour le titre de champion d\u2019Italie, montrant que le capitaine albanais reste l\u2019un des meilleurs d\u00e9fenseurs de la Serie A.<\/p>\n<p><img loading=\"lazy\" decoding=\"async\" class=\"alignnone wp-image-879192\" src=\"https:\/\/www.albinfo.ch\/wp-content\/uploads\/2025\/12\/img_4498-823x1024.jpeg\" alt=\"\" width=\"500\" height=\"622\" srcset=\"https:\/\/www.albinfo.at\/wp-content\/uploads\/2025\/12\/img_4498-823x1024.jpeg 823w, https:\/\/www.albinfo.at\/wp-content\/uploads\/2025\/12\/img_4498-241x300.jpeg 241w, https:\/\/www.albinfo.at\/wp-content\/uploads\/2025\/12\/img_4498-768x955.jpeg 768w, https:\/\/www.albinfo.at\/wp-content\/uploads\/2025\/12\/img_4498-1235x1536.jpeg 1235w, https:\/\/www.albinfo.at\/wp-content\/uploads\/2025\/12\/img_4498-318x396.jpeg 318w, https:\/\/www.albinfo.at\/wp-content\/uploads\/2025\/12\/img_4498-80x100.jpeg 80w, https:\/\/www.albinfo.at\/wp-content\/uploads\/2025\/12\/img_4498-141x175.jpeg 141w, https:\/\/www.albinfo.at\/wp-content\/uploads\/2025\/12\/img_4498.jpeg 1284w\" sizes=\"auto, (max-width: 500px) 100vw, 500px\" \/><\/p>\n","protected":false},"excerpt":{"rendered":"<p>Amir Rrahmani, le leader de Naples, fait partie de l\u2019\u00e9quipe type de la Serie A 2024\/2025<\/p>\n","protected":false},"author":6,"featured_media":879196,"comment_status":"closed","ping_status":"closed","sticky":false,"template":"","format":"standard","meta":{"footnotes":""},"categories":[24630,24671,1169],"tags":[],"vendi":[],"content_country":[],"class_list":["post-879424","post","type-post","status-publish","format-standard","has-post-thumbnail","hentry","category-nouvelles","category-football","category-sport-fr"],"acf":[],"_links":{"self":[{"href":"https:\/\/www.albinfo.at\/fr\/wp-json\/wp\/v2\/posts\/879424","targetHints":{"allow":["GET"]}}],"collection":[{"href":"https:\/\/www.albinfo.at\/fr\/wp-json\/wp\/v2\/posts"}],"about":[{"href":"https:\/\/www.albinfo.at\/fr\/wp-json\/wp\/v2\/types\/post"}],"author":[{"embeddable":true,"href":"https:\/\/www.albinfo.at\/fr\/wp-json\/wp\/v2\/users\/6"}],"replies":[{"embeddable":true,"href":"https:\/\/www.albinfo.at\/fr\/wp-json\/wp\/v2\/comments?post=879424"}],"version-history":[{"count":1,"href":"https:\/\/www.albinfo.at\/fr\/wp-json\/wp\/v2\/posts\/879424\/revisions"}],"predecessor-version":[{"id":879425,"href":"https:\/\/www.albinfo.at\/fr\/wp-json\/wp\/v2\/posts\/879424\/revisions\/879425"}],"wp:featuredmedia":[{"embeddable":true,"href":"https:\/\/www.albinfo.at\/fr\/wp-json\/wp\/v2\/media\/879196"}],"wp:attachment":[{"href":"https:\/\/www.albinfo.at\/fr\/wp-json\/wp\/v2\/media?parent=879424"}],"wp:term":[{"taxonomy":"category","embeddable":true,"href":"https:\/\/www.albinfo.at\/fr\/wp-json\/wp\/v2\/categories?post=879424"},{"taxonomy":"post_tag","embeddable":true,"href":"https:\/\/www.albinfo.at\/fr\/wp-json\/wp\/v2\/tags?post=879424"},{"taxonomy":"vendi","embeddable":true,"href":"https:\/\/www.albinfo.at\/fr\/wp-json\/wp\/v2\/vendi?post=879424"},{"taxonomy":"content_country","embeddable":true,"href":"https:\/\/www.albinfo.at\/fr\/wp-json\/wp\/v2\/content_country?post=879424"}],"curies":[{"name":"wp","href":"https:\/\/api.w.org\/{rel}","templated":true}]}}