{"id":878677,"date":"2025-11-29T20:21:53","date_gmt":"2025-11-29T19:21:53","guid":{"rendered":"https:\/\/www.albinfo.ch\/?p=878677"},"modified":"2025-11-30T00:27:28","modified_gmt":"2025-11-29T23:27:28","slug":"shaqiri-la-reussite-du-kosovo-et-de-lalbanie-dans-les-qualifications-pour-la-coupe-du-monde-me-rend-heureux","status":"publish","type":"post","link":"https:\/\/www.albinfo.at\/fr\/shaqiri-la-reussite-du-kosovo-et-de-lalbanie-dans-les-qualifications-pour-la-coupe-du-monde-me-rend-heureux\/","title":{"rendered":"Shaqiri: \u201cLa r\u00e9ussite du Kosovo et de l\u2019Albanie dans les qualifications pour la Coupe du monde me rend heureux\u201d"},"content":{"rendered":"<p data-start=\"0\" data-end=\"558\">Dans une interview approfondie accord\u00e9e \u00e0 la plateforme m\u00e9diatique watson.ch, la star du football Xherdan Shaqiri a parl\u00e9 de sa pr\u00e9sence r\u00e9ussie au FC B\u00e2le, d\u2019une petite crise que traverse actuellement le club, ainsi que de son r\u00f4le en tant que copropri\u00e9taire du club de football de Rapperswil, entre autres sujets. Il s\u2019est \u00e9galement arr\u00eat\u00e9 sur la possible participation du Kosovo et de l\u2019Albanie \u00e0 la Coupe du monde 2026, en s\u2019exprimant en termes tr\u00e8s \u00e9logieux sur la qualit\u00e9 actuelle de ces deux s\u00e9lections, \u00e9crit albinfo.ch.<\/p>\n<p data-start=\"560\" data-end=\"1018\">Interrog\u00e9 sur le fait que l\u2019augmentation du nombre de participants \u00e0 la Coupe du monde pourrait en diminuer la qualit\u00e9, Shaqiri r\u00e9pond : Il faut que je le vive d\u2019abord pour pouvoir juger. Certaines \u00e9quipes participeront pour la premi\u00e8re fois et je pense que c\u2019est tr\u00e8s positif pour les petites nations, qui disposent ainsi d\u2019une meilleure chance de se qualifier. On peut le voir avec l\u2019Albanie et le Kosovo, qui peuvent encore franchir la phase \u00e9liminatoire.<\/p>\n<p data-start=\"1020\" data-end=\"1103\">Question suivante : Ce serait quelque chose de grand pour le Kosovo, n\u2019est-ce pas ?<\/p>\n<p data-start=\"1105\" data-end=\"1548\">&#8221; Oui, et une histoire magnifique. Ce serait leur premier grand tournoi. Le fait qu\u2019ils aient encore une chance montre le chemin qu\u2019ils ont parcouru. On voit que de plus en plus de bons joueurs veulent jouer pour le Kosovo, comment ils se d\u00e9veloppent sur le plan sportif et comment ils sont d\u00e9j\u00e0 capables de g\u00e9rer la pression. C\u2019est d\u00e9sormais une \u00e9quipe compos\u00e9e de joueurs issus de bonnes ligues, ce qui les aide \u00e9norm\u00e9ment &#8220;, r\u00e9pond Shaqiri.<\/p>\n<p data-start=\"1550\" data-end=\"2255\">Concernant la qualification directe de la Suisse pour la Coupe du monde et le succ\u00e8s obtenu sans qu\u2019il soit pr\u00e9sent dans l\u2019\u00e9quipe, il d\u00e9clare : Je suis fier de l\u2019\u00e9quipe. Ce n\u2019\u00e9taient pas des matchs faciles, m\u00eame si tous les adversaires n\u2019ont pas \u00e9t\u00e9 performants. C\u2019est fantastique que les gar\u00e7ons y soient parvenus. Je suis d\u00e9sormais curieux de voir contre qui ils seront tir\u00e9s au sort et comment ils s\u2019en sortiront face \u00e0 des adversaires plus forts. La Suisse dispose d\u2019une \u00e9quipe int\u00e9ressante, avec de nombreux jeunes joueurs. Je les suivrai toujours et j\u2019attends avec impatience la Coupe du monde du point de vue d\u2019un &#8221; ext\u00e9rieur &#8220;. &#8221; Et oui, c\u2019est bien qu\u2019ils y soient arriv\u00e9s sans moi &#8220;, ajoute-t-il.<\/p>\n","protected":false},"excerpt":{"rendered":"<p>\u201cDe plus en plus de bons joueurs veulent jouer pour le Kosovo, ils se d\u00e9veloppent d\u2019un point de vue sportif et sont d\u00e9sormais capables de g\u00e9rer la pression\u201d<\/p>\n","protected":false},"author":6,"featured_media":762013,"comment_status":"closed","ping_status":"closed","sticky":false,"template":"","format":"standard","meta":{"footnotes":""},"categories":[24630,24671,1169],"tags":[],"vendi":[],"content_country":[],"class_list":["post-878677","post","type-post","status-publish","format-standard","has-post-thumbnail","hentry","category-nouvelles","category-football","category-sport-fr"],"acf":[],"_links":{"self":[{"href":"https:\/\/www.albinfo.at\/fr\/wp-json\/wp\/v2\/posts\/878677","targetHints":{"allow":["GET"]}}],"collection":[{"href":"https:\/\/www.albinfo.at\/fr\/wp-json\/wp\/v2\/posts"}],"about":[{"href":"https:\/\/www.albinfo.at\/fr\/wp-json\/wp\/v2\/types\/post"}],"author":[{"embeddable":true,"href":"https:\/\/www.albinfo.at\/fr\/wp-json\/wp\/v2\/users\/6"}],"replies":[{"embeddable":true,"href":"https:\/\/www.albinfo.at\/fr\/wp-json\/wp\/v2\/comments?post=878677"}],"version-history":[{"count":1,"href":"https:\/\/www.albinfo.at\/fr\/wp-json\/wp\/v2\/posts\/878677\/revisions"}],"predecessor-version":[{"id":878680,"href":"https:\/\/www.albinfo.at\/fr\/wp-json\/wp\/v2\/posts\/878677\/revisions\/878680"}],"wp:featuredmedia":[{"embeddable":true,"href":"https:\/\/www.albinfo.at\/fr\/wp-json\/wp\/v2\/media\/762013"}],"wp:attachment":[{"href":"https:\/\/www.albinfo.at\/fr\/wp-json\/wp\/v2\/media?parent=878677"}],"wp:term":[{"taxonomy":"category","embeddable":true,"href":"https:\/\/www.albinfo.at\/fr\/wp-json\/wp\/v2\/categories?post=878677"},{"taxonomy":"post_tag","embeddable":true,"href":"https:\/\/www.albinfo.at\/fr\/wp-json\/wp\/v2\/tags?post=878677"},{"taxonomy":"vendi","embeddable":true,"href":"https:\/\/www.albinfo.at\/fr\/wp-json\/wp\/v2\/vendi?post=878677"},{"taxonomy":"content_country","embeddable":true,"href":"https:\/\/www.albinfo.at\/fr\/wp-json\/wp\/v2\/content_country?post=878677"}],"curies":[{"name":"wp","href":"https:\/\/api.w.org\/{rel}","templated":true}]}}