{"id":878664,"date":"2025-11-29T20:03:22","date_gmt":"2025-11-29T19:03:22","guid":{"rendered":"https:\/\/www.albinfo.ch\/?p=878664"},"modified":"2025-11-29T23:59:12","modified_gmt":"2025-11-29T22:59:12","slug":"cent-vingt-mille-papiers-origami-pour-le-drapeau-albanais-arbnora-en-route-vers-un-record-mondial","status":"publish","type":"post","link":"https:\/\/www.albinfo.at\/fr\/cent-vingt-mille-papiers-origami-pour-le-drapeau-albanais-arbnora-en-route-vers-un-record-mondial\/","title":{"rendered":"Cent vingt mille papiers origami pour le drapeau albanais Arbnora en route vers un record mondial"},"content":{"rendered":"<p data-start=\"0\" data-end=\"452\">L\u2019artiste albanaise Arbnora Fejza Idrizi se pr\u00e9pare \u00e0 marquer une nouvelle r\u00e9alisation importante dans l\u2019art du mosa\u00efque en cr\u00e9ant la photographie g\u00e9ante du drapeau national albanais \u00e0 travers la plus grande mosa\u00efque origami du monde, rapporte albinfo.ch. L\u2019\u0153uvre est compos\u00e9e d\u2019environ cent vingt mille papiers pli\u00e9s en forme de pyramides, un processus qui a demand\u00e9 patience, pr\u00e9cision et une grande ma\u00eetrise artistique.<\/p>\n<p data-start=\"454\" data-end=\"799\">La mosa\u00efque couvre une surface de mille trois cents m\u00e8tres carr\u00e9s, ce qui en fait l\u2019une des installations artistiques les plus impressionnantes de ce genre. \u00c0 travers cette \u0153uvre monumentale, l\u2019artiste souhaite mettre en avant la symbolique du drapeau albanais et montrer la puissance de l\u2019art comme outil d\u2019innovation et de coh\u00e9sion culturelle.<\/p>\n<p data-start=\"801\" data-end=\"1134\">Arbnora devrait enregistrer cette cr\u00e9ation comme son prochain record au \u201cGuinness World Records\u201d, en proclamant la mosa\u00efque origami du drapeau albanais comme la plus grande au monde. Ce sera le deuxi\u00e8me record pour l\u2019artiste, qui figure d\u00e9j\u00e0 dans le livre des records avec la plus grande mosa\u00efque origami d\u00e9di\u00e9e au drapeau du Kosovo.<\/p>\n<p><img loading=\"lazy\" decoding=\"async\" class=\"alignnone wp-image-878460\" src=\"https:\/\/www.albinfo.ch\/wp-content\/uploads\/2025\/11\/591079237_1300955168726442_4937662597023642217_n-1024x1024.jpg\" alt=\"\" width=\"501\" height=\"501\" srcset=\"https:\/\/www.albinfo.at\/wp-content\/uploads\/2025\/11\/591079237_1300955168726442_4937662597023642217_n-1024x1024.jpg 1024w, https:\/\/www.albinfo.at\/wp-content\/uploads\/2025\/11\/591079237_1300955168726442_4937662597023642217_n-300x300.jpg 300w, https:\/\/www.albinfo.at\/wp-content\/uploads\/2025\/11\/591079237_1300955168726442_4937662597023642217_n-150x150.jpg 150w, https:\/\/www.albinfo.at\/wp-content\/uploads\/2025\/11\/591079237_1300955168726442_4937662597023642217_n-768x768.jpg 768w, https:\/\/www.albinfo.at\/wp-content\/uploads\/2025\/11\/591079237_1300955168726442_4937662597023642217_n-396x396.jpg 396w, https:\/\/www.albinfo.at\/wp-content\/uploads\/2025\/11\/591079237_1300955168726442_4937662597023642217_n-280x280.jpg 280w, https:\/\/www.albinfo.at\/wp-content\/uploads\/2025\/11\/591079237_1300955168726442_4937662597023642217_n-100x100.jpg 100w, https:\/\/www.albinfo.at\/wp-content\/uploads\/2025\/11\/591079237_1300955168726442_4937662597023642217_n-175x175.jpg 175w, https:\/\/www.albinfo.at\/wp-content\/uploads\/2025\/11\/591079237_1300955168726442_4937662597023642217_n.jpg 1080w\" sizes=\"auto, (max-width: 501px) 100vw, 501px\" \/><\/p>\n","protected":false},"excerpt":{"rendered":"<p>     Arbnora Fejza Idrizi en route vers un nouveau record \u201cGuinness\u201d avec la mosa\u00efque g\u00e9ante en origami du drapeau albanais<\/p>\n","protected":false},"author":6,"featured_media":878464,"comment_status":"closed","ping_status":"closed","sticky":false,"template":"","format":"standard","meta":{"footnotes":""},"categories":[33431,23271,3949,23277,23270,1159],"tags":[],"vendi":[],"content_country":[],"class_list":["post-878664","post","type-post","status-publish","format-standard","has-post-thumbnail","hentry","category-kuriozitete-fr","category-kosovo","category-kosova-fr","category-news-fr","category-at-balkani-fr","category-ch-balkans"],"acf":[],"_links":{"self":[{"href":"https:\/\/www.albinfo.at\/fr\/wp-json\/wp\/v2\/posts\/878664","targetHints":{"allow":["GET"]}}],"collection":[{"href":"https:\/\/www.albinfo.at\/fr\/wp-json\/wp\/v2\/posts"}],"about":[{"href":"https:\/\/www.albinfo.at\/fr\/wp-json\/wp\/v2\/types\/post"}],"author":[{"embeddable":true,"href":"https:\/\/www.albinfo.at\/fr\/wp-json\/wp\/v2\/users\/6"}],"replies":[{"embeddable":true,"href":"https:\/\/www.albinfo.at\/fr\/wp-json\/wp\/v2\/comments?post=878664"}],"version-history":[{"count":1,"href":"https:\/\/www.albinfo.at\/fr\/wp-json\/wp\/v2\/posts\/878664\/revisions"}],"predecessor-version":[{"id":878668,"href":"https:\/\/www.albinfo.at\/fr\/wp-json\/wp\/v2\/posts\/878664\/revisions\/878668"}],"wp:featuredmedia":[{"embeddable":true,"href":"https:\/\/www.albinfo.at\/fr\/wp-json\/wp\/v2\/media\/878464"}],"wp:attachment":[{"href":"https:\/\/www.albinfo.at\/fr\/wp-json\/wp\/v2\/media?parent=878664"}],"wp:term":[{"taxonomy":"category","embeddable":true,"href":"https:\/\/www.albinfo.at\/fr\/wp-json\/wp\/v2\/categories?post=878664"},{"taxonomy":"post_tag","embeddable":true,"href":"https:\/\/www.albinfo.at\/fr\/wp-json\/wp\/v2\/tags?post=878664"},{"taxonomy":"vendi","embeddable":true,"href":"https:\/\/www.albinfo.at\/fr\/wp-json\/wp\/v2\/vendi?post=878664"},{"taxonomy":"content_country","embeddable":true,"href":"https:\/\/www.albinfo.at\/fr\/wp-json\/wp\/v2\/content_country?post=878664"}],"curies":[{"name":"wp","href":"https:\/\/api.w.org\/{rel}","templated":true}]}}