{"id":878390,"date":"2025-11-28T21:31:42","date_gmt":"2025-11-28T20:31:42","guid":{"rendered":"https:\/\/www.albinfo.ch\/?p=878390"},"modified":"2025-11-29T00:37:28","modified_gmt":"2025-11-28T23:37:28","slug":"distria-krasniqi-se-bat-pour-la-medaille-de-bronze-au-grand-slam-dabou-dhabi","status":"publish","type":"post","link":"https:\/\/www.albinfo.at\/fr\/distria-krasniqi-se-bat-pour-la-medaille-de-bronze-au-grand-slam-dabou-dhabi\/","title":{"rendered":"Distria Krasniqi se bat pour la m\u00e9daille de bronze au Grand Slam d\u2019Abou Dhabi"},"content":{"rendered":"<p data-start=\"16\" data-end=\"210\">Notre judokate, Distria Krasniqi, disputera la m\u00e9daille de bronze dans la cat\u00e9gorie des moins de 52 kilos au Grand Slam qui se d\u00e9roule \u00e0 Abou Dhabi, aux \u00c9mirats arabes unis, rapporte albinfo.ch.<\/p>\n<p data-start=\"212\" data-end=\"404\">Distria a commenc\u00e9 la journ\u00e9e de mani\u00e8re excellente en battant au deuxi\u00e8me tour la Russe Katrina Efimova dans la cat\u00e9gorie des moins de 52 kilos, d\u00e9crochant ainsi sa place en quarts de finale.<\/p>\n<p data-start=\"406\" data-end=\"560\">En quarts de finale \u00e9galement, la judokate de Peja a \u00e9t\u00e9 remarquable, s\u2019imposant par waza ari contre l\u2019Isra\u00e9lienne Gefen Primo et acc\u00e9dant en demi finale.<\/p>\n<p data-start=\"562\" data-end=\"736\">Cependant, en demi finale, la championne olympique n\u2019a pas eu de chance, \u00e9tant stopp\u00e9e par la Hongroise Reka Pupp, qu\u2019elle avait pourtant domin\u00e9e pendant le combat principal.<\/p>\n<p data-start=\"738\" data-end=\"907\">Distria a perdu au golden score. Apr\u00e8s l\u2019annulation d\u2019un waza ari en sa faveur, les arbitres ont finalement attribu\u00e9 un point \u00e0 son adversaire, qui est pass\u00e9e en finale.<\/p>\n<p data-start=\"909\" data-end=\"1043\">D\u00e9sormais, Distria se battra pour la m\u00e9daille de bronze \u00e0 travers les rep\u00eachages, o\u00f9 elle affrontera la N\u00e9erlandaise Naomi Van Krevel.<\/p>\n<p data-start=\"1045\" data-end=\"1207\">Par ailleurs, en plus de Distria, le Kosovo est repr\u00e9sent\u00e9 par Laura Fazliu (-63 kg), qui combattra samedi, et par Shpati Zekaj (-100 kg), qui concourra dimanche.<\/p>\n","protected":false},"excerpt":{"rendered":"<p>Distria Krasniqi disputera la m\u00e9daille de bronze au Grand Slam d\u2019Abou Dhabi<\/p>\n","protected":false},"author":6,"featured_media":757626,"comment_status":"closed","ping_status":"closed","sticky":false,"template":"","format":"standard","meta":{"footnotes":""},"categories":[24669,24630,1169],"tags":[],"vendi":[],"content_country":[],"class_list":["post-878390","post","type-post","status-publish","format-standard","has-post-thumbnail","hentry","category-arts-martiaux","category-nouvelles","category-sport-fr"],"acf":[],"_links":{"self":[{"href":"https:\/\/www.albinfo.at\/fr\/wp-json\/wp\/v2\/posts\/878390","targetHints":{"allow":["GET"]}}],"collection":[{"href":"https:\/\/www.albinfo.at\/fr\/wp-json\/wp\/v2\/posts"}],"about":[{"href":"https:\/\/www.albinfo.at\/fr\/wp-json\/wp\/v2\/types\/post"}],"author":[{"embeddable":true,"href":"https:\/\/www.albinfo.at\/fr\/wp-json\/wp\/v2\/users\/6"}],"replies":[{"embeddable":true,"href":"https:\/\/www.albinfo.at\/fr\/wp-json\/wp\/v2\/comments?post=878390"}],"version-history":[{"count":1,"href":"https:\/\/www.albinfo.at\/fr\/wp-json\/wp\/v2\/posts\/878390\/revisions"}],"predecessor-version":[{"id":878391,"href":"https:\/\/www.albinfo.at\/fr\/wp-json\/wp\/v2\/posts\/878390\/revisions\/878391"}],"wp:featuredmedia":[{"embeddable":true,"href":"https:\/\/www.albinfo.at\/fr\/wp-json\/wp\/v2\/media\/757626"}],"wp:attachment":[{"href":"https:\/\/www.albinfo.at\/fr\/wp-json\/wp\/v2\/media?parent=878390"}],"wp:term":[{"taxonomy":"category","embeddable":true,"href":"https:\/\/www.albinfo.at\/fr\/wp-json\/wp\/v2\/categories?post=878390"},{"taxonomy":"post_tag","embeddable":true,"href":"https:\/\/www.albinfo.at\/fr\/wp-json\/wp\/v2\/tags?post=878390"},{"taxonomy":"vendi","embeddable":true,"href":"https:\/\/www.albinfo.at\/fr\/wp-json\/wp\/v2\/vendi?post=878390"},{"taxonomy":"content_country","embeddable":true,"href":"https:\/\/www.albinfo.at\/fr\/wp-json\/wp\/v2\/content_country?post=878390"}],"curies":[{"name":"wp","href":"https:\/\/api.w.org\/{rel}","templated":true}]}}