{"id":878348,"date":"2025-11-28T19:11:46","date_gmt":"2025-11-28T18:11:46","guid":{"rendered":"https:\/\/www.albinfo.ch\/?p=878348"},"modified":"2025-11-28T23:26:20","modified_gmt":"2025-11-28T22:26:20","slug":"un-autre-club-europeen-de-renom-porte-son-regard-sur-fisnik-asllani","status":"publish","type":"post","link":"https:\/\/www.albinfo.at\/fr\/un-autre-club-europeen-de-renom-porte-son-regard-sur-fisnik-asllani\/","title":{"rendered":"Un autre club europ\u00e9en de renom porte son regard sur Fisnik Asllani"},"content":{"rendered":"<p data-start=\"16\" data-end=\"209\">Avec ses performances impressionnantes cette saison avec le TSG Hoffenheim et le Kosovo, Fisnik Asllani a attir\u00e9 l\u2019attention de plusieurs grands clubs, dont le Bayern Munich et le FC Barcelone.<\/p>\n<p data-start=\"211\" data-end=\"396\">Le Borussia Dortmund appara\u00eet d\u00e9sormais aussi comme un pr\u00e9tendant pour l\u2019attaquant de 23 ans, Bild rapportant qu\u2019il est fortement surveill\u00e9 par les jaunes et noirs, rapporte albinfo.ch.<\/p>\n<p data-start=\"398\" data-end=\"552\">On dit que Dortmund avait fait une tentative s\u00e9rieuse pour le recruter l\u2019\u00e9t\u00e9 dernier, et le tablo\u00efd allemand \u00e9crit que l\u2019int\u00e9r\u00eat est en train de rena\u00eetre.<\/p>\n<p data-start=\"554\" data-end=\"653\">Asllani pourrait arriver comme rempla\u00e7ant de Serhou Guirassy, qui pourrait quitter le club cet \u00e9t\u00e9.<\/p>\n<p data-start=\"655\" data-end=\"882\">L\u2019attaquant guin\u00e9en poss\u00e8de une clause lib\u00e9ratoire de 50 millions d\u2019euros dans son contrat, valable pour un nombre limit\u00e9 de clubs, et selon les informations, son fr\u00e8re et agent l\u2019a propos\u00e9 \u00e0 plusieurs clubs en Arabie saoudite.<\/p>\n<p data-start=\"884\" data-end=\"1077\">On pense \u00e9galement que l\u2019attaquant kosovar dispose d\u2019une clause de d\u00e9part dans son contrat avec Hoffenheim. Le montant exact n\u2019a pas \u00e9t\u00e9 rendu public, mais il serait consid\u00e9r\u00e9 comme accessible.<\/p>\n","protected":false},"excerpt":{"rendered":"<p>Avec ses performances impressionnantes cette saison avec le TSG Hoffenheim et le Kosovo, Fisnik Asllani a attir\u00e9 l\u2019attention de plusieurs grands clubs, dont le Bayern Munich et le FC Barcelone. Le Borussia Dortmund appara\u00eet d\u00e9sormais aussi comme un pr\u00e9tendant pour l\u2019attaquant de 23 ans, Bild rapportant qu\u2019il est fortement surveill\u00e9 par les jaunes et noirs, [&hellip;]<\/p>\n","protected":false},"author":6,"featured_media":878101,"comment_status":"closed","ping_status":"closed","sticky":false,"template":"","format":"standard","meta":{"footnotes":""},"categories":[34929,24630,1169],"tags":[],"vendi":[],"content_country":[],"class_list":["post-878348","post","type-post","status-publish","format-standard","has-post-thumbnail","hentry","category-futboll-3","category-nouvelles","category-sport-fr"],"acf":[],"_links":{"self":[{"href":"https:\/\/www.albinfo.at\/fr\/wp-json\/wp\/v2\/posts\/878348","targetHints":{"allow":["GET"]}}],"collection":[{"href":"https:\/\/www.albinfo.at\/fr\/wp-json\/wp\/v2\/posts"}],"about":[{"href":"https:\/\/www.albinfo.at\/fr\/wp-json\/wp\/v2\/types\/post"}],"author":[{"embeddable":true,"href":"https:\/\/www.albinfo.at\/fr\/wp-json\/wp\/v2\/users\/6"}],"replies":[{"embeddable":true,"href":"https:\/\/www.albinfo.at\/fr\/wp-json\/wp\/v2\/comments?post=878348"}],"version-history":[{"count":1,"href":"https:\/\/www.albinfo.at\/fr\/wp-json\/wp\/v2\/posts\/878348\/revisions"}],"predecessor-version":[{"id":878349,"href":"https:\/\/www.albinfo.at\/fr\/wp-json\/wp\/v2\/posts\/878348\/revisions\/878349"}],"wp:featuredmedia":[{"embeddable":true,"href":"https:\/\/www.albinfo.at\/fr\/wp-json\/wp\/v2\/media\/878101"}],"wp:attachment":[{"href":"https:\/\/www.albinfo.at\/fr\/wp-json\/wp\/v2\/media?parent=878348"}],"wp:term":[{"taxonomy":"category","embeddable":true,"href":"https:\/\/www.albinfo.at\/fr\/wp-json\/wp\/v2\/categories?post=878348"},{"taxonomy":"post_tag","embeddable":true,"href":"https:\/\/www.albinfo.at\/fr\/wp-json\/wp\/v2\/tags?post=878348"},{"taxonomy":"vendi","embeddable":true,"href":"https:\/\/www.albinfo.at\/fr\/wp-json\/wp\/v2\/vendi?post=878348"},{"taxonomy":"content_country","embeddable":true,"href":"https:\/\/www.albinfo.at\/fr\/wp-json\/wp\/v2\/content_country?post=878348"}],"curies":[{"name":"wp","href":"https:\/\/api.w.org\/{rel}","templated":true}]}}