{"id":877714,"date":"2025-11-26T20:32:42","date_gmt":"2025-11-26T19:32:42","guid":{"rendered":"https:\/\/www.albinfo.ch\/?p=877714"},"modified":"2025-11-26T20:33:43","modified_gmt":"2025-11-26T19:33:43","slug":"si-elle-se-qualifie-le-kosovo-sera-place-dans-le-quatrieme-chapeau-pour-le-tirage-au-sort-de-la-coupe-du-monde","status":"publish","type":"post","link":"https:\/\/www.albinfo.at\/fr\/si-elle-se-qualifie-le-kosovo-sera-place-dans-le-quatrieme-chapeau-pour-le-tirage-au-sort-de-la-coupe-du-monde\/","title":{"rendered":"Si elle se qualifie, le Kosovo sera plac\u00e9 dans le quatri\u00e8me chapeau pour le tirage au sort de la Coupe du monde"},"content":{"rendered":"<p data-start=\"239\" data-end=\"435\">La F\u00e9d\u00e9ration internationale de football (FIFA) a publi\u00e9 les chapeaux pour le tirage au sort de la Coupe du monde 2026, qui se tiendra aux \u00c9tats Unis, au Mexique et au Canada, rapporte albinfo.ch.<\/p>\n<p data-start=\"437\" data-end=\"756\">Le Kosovo vise encore la qualification pour ce Mondial. Les Dardan\u00ebt joueront le 26 mars \u00e0 Bratislava contre la Slovaquie en demi finale des barrages. Le vainqueur de ce match affrontera ensuite, le 31 mars, la Turquie ou la Roumanie. Une victoire dans cette rencontre garantirait au Kosovo une place en Coupe du monde.<\/p>\n<p data-start=\"758\" data-end=\"1029\">S\u2019il se qualifie, le Kosovo sera plac\u00e9 dans le quatri\u00e8me chapeau du tirage, aux c\u00f4t\u00e9s des vainqueurs des trois autres barrages europ\u00e9ens, de deux barrages intercontinentaux et des s\u00e9lections comme la Jordanie, le Cap Vert, le Ghana, Cura\u00e7ao, Ha\u00efti et la Nouvelle Z\u00e9lande.<\/p>\n<p data-start=\"1031\" data-end=\"1612\">Dans le premier chapeau figurent le Canada, le Mexique et les \u00c9tats Unis en tant qu\u2019h\u00f4tes, ainsi que l\u2019Espagne, l\u2019Argentine, la France, l\u2019Angleterre, le Br\u00e9sil, le Portugal, les Pays Bas, la Belgique et l\u2019Allemagne. Le deuxi\u00e8me chapeau comprend la Croatie, le Maroc, la Colombie, l\u2019Uruguay, la Suisse, le Japon, le S\u00e9n\u00e9gal, l\u2019Iran, la Cor\u00e9e du Sud, l\u2019\u00c9quateur, l\u2019Autriche et l\u2019Australie, tandis que le troisi\u00e8me regroupe la Norv\u00e8ge, le Panama, l\u2019\u00c9gypte, l\u2019Alg\u00e9rie, l\u2019\u00c9cosse, le Paraguay, la Tunisie, la C\u00f4te d\u2019Ivoire, l\u2019Ouzb\u00e9kistan, le Qatar, l\u2019Arabie Saoudite et l\u2019Afrique du Sud.<\/p>\n<p data-start=\"1614\" data-end=\"1814\">Le tirage au sort de la Coupe du monde aura lieu le 5 d\u00e9cembre \u00e0 Washington, avec la participation des d\u00e9l\u00e9gations des f\u00e9d\u00e9rations qualifi\u00e9es ainsi que de celles encore en course, y compris le Kosovo.<\/p>\n<p data-start=\"1816\" data-end=\"2048\">Ce sera la premi\u00e8re Coupe du monde comptant 48 \u00e9quipes, r\u00e9parties en 12 groupes de quatre. Les deux premiers de chaque groupe se qualifieront pour les huiti\u00e8mes de finale, accompagn\u00e9s des huit meilleures \u00e9quipes class\u00e9es troisi\u00e8mes.<\/p>\n<p data-start=\"2050\" data-end=\"2181\">La qualification du Kosovo, mais aussi de l\u2019Albanie, pour ce Mondial repr\u00e9senterait un succ\u00e8s historique pour le football albanais.<\/p>\n","protected":false},"excerpt":{"rendered":"<p>Le Kosovo pourrait figurer dans le quatri\u00e8me chapeau lors du tirage de la Coupe du monde 2026<\/p>\n","protected":false},"author":6,"featured_media":867022,"comment_status":"closed","ping_status":"closed","sticky":false,"template":"","format":"standard","meta":{"footnotes":""},"categories":[24630,24671,1169],"tags":[],"vendi":[],"content_country":[],"class_list":["post-877714","post","type-post","status-publish","format-standard","has-post-thumbnail","hentry","category-nouvelles","category-football","category-sport-fr"],"acf":[],"_links":{"self":[{"href":"https:\/\/www.albinfo.at\/fr\/wp-json\/wp\/v2\/posts\/877714","targetHints":{"allow":["GET"]}}],"collection":[{"href":"https:\/\/www.albinfo.at\/fr\/wp-json\/wp\/v2\/posts"}],"about":[{"href":"https:\/\/www.albinfo.at\/fr\/wp-json\/wp\/v2\/types\/post"}],"author":[{"embeddable":true,"href":"https:\/\/www.albinfo.at\/fr\/wp-json\/wp\/v2\/users\/6"}],"replies":[{"embeddable":true,"href":"https:\/\/www.albinfo.at\/fr\/wp-json\/wp\/v2\/comments?post=877714"}],"version-history":[{"count":1,"href":"https:\/\/www.albinfo.at\/fr\/wp-json\/wp\/v2\/posts\/877714\/revisions"}],"predecessor-version":[{"id":877715,"href":"https:\/\/www.albinfo.at\/fr\/wp-json\/wp\/v2\/posts\/877714\/revisions\/877715"}],"wp:featuredmedia":[{"embeddable":true,"href":"https:\/\/www.albinfo.at\/fr\/wp-json\/wp\/v2\/media\/867022"}],"wp:attachment":[{"href":"https:\/\/www.albinfo.at\/fr\/wp-json\/wp\/v2\/media?parent=877714"}],"wp:term":[{"taxonomy":"category","embeddable":true,"href":"https:\/\/www.albinfo.at\/fr\/wp-json\/wp\/v2\/categories?post=877714"},{"taxonomy":"post_tag","embeddable":true,"href":"https:\/\/www.albinfo.at\/fr\/wp-json\/wp\/v2\/tags?post=877714"},{"taxonomy":"vendi","embeddable":true,"href":"https:\/\/www.albinfo.at\/fr\/wp-json\/wp\/v2\/vendi?post=877714"},{"taxonomy":"content_country","embeddable":true,"href":"https:\/\/www.albinfo.at\/fr\/wp-json\/wp\/v2\/content_country?post=877714"}],"curies":[{"name":"wp","href":"https:\/\/api.w.org\/{rel}","templated":true}]}}