{"id":877293,"date":"2025-11-24T20:09:13","date_gmt":"2025-11-24T19:09:13","guid":{"rendered":"https:\/\/www.albinfo.ch\/?p=877293"},"modified":"2025-11-25T09:12:47","modified_gmt":"2025-11-25T08:12:47","slug":"la-skieuse-albanaise-brille-en-autriche-et-decroche-un-deuxieme-podium-consecutif-aux-championnats-du-monde-de-ski","status":"publish","type":"post","link":"https:\/\/www.albinfo.at\/fr\/la-skieuse-albanaise-brille-en-autriche-et-decroche-un-deuxieme-podium-consecutif-aux-championnats-du-monde-de-ski\/","title":{"rendered":"La skieuse albanaise brille en Autriche et d\u00e9croche un deuxi\u00e8me podium cons\u00e9cutif aux Championnats du Monde de ski"},"content":{"rendered":"<p data-start=\"16\" data-end=\"139\">La skieuse albanaise Lara Colturi s\u2019est class\u00e9e deuxi\u00e8me dans l\u2019\u00e9preuve du slalom sp\u00e9cial de la Coupe du Monde en Autriche.<\/p>\n<p data-start=\"141\" data-end=\"455\">Elle a termin\u00e9 la course en 1 minute, 49 secondes et 34 centi\u00e8mes, seulement 1.23 seconde derri\u00e8re l\u2019Am\u00e9ricaine Mikaela Shiffrin, qui compte 103 podiums en carri\u00e8re. Il s\u2019agit du deuxi\u00e8me podium cons\u00e9cutif pour Lara Colturi, confirmant la continuit\u00e9 de ses performances \u00e0 un niveau tr\u00e8s \u00e9lev\u00e9, rapporte albinfo.at.<\/p>\n<p data-start=\"457\" data-end=\"753\">Avec ce r\u00e9sultat, Lara Colturi atteint un total de 196 points au classement g\u00e9n\u00e9ral de la Coupe du Monde, incluant les 80 points obtenus dans la derni\u00e8re course. Son succ\u00e8s fait d\u2019elle une athl\u00e8te albanaise de plus en plus en vue et une concurrente s\u00e9rieuse dans les comp\u00e9titions internationales.<\/p>\n","protected":false},"excerpt":{"rendered":"<p>La skieuse albanaise Lara Colturi s\u2019est class\u00e9e deuxi\u00e8me dans l\u2019\u00e9preuve du slalom sp\u00e9cial de la Coupe du Monde en Autriche. Elle a termin\u00e9 la course en 1 minute, 49 secondes et 34 centi\u00e8mes, seulement 1.23 seconde derri\u00e8re l\u2019Am\u00e9ricaine Mikaela Shiffrin, qui compte 103 podiums en carri\u00e8re. Il s\u2019agit du deuxi\u00e8me podium cons\u00e9cutif pour Lara Colturi, [&hellip;]<\/p>\n","protected":false},"author":6,"featured_media":596770,"comment_status":"closed","ping_status":"closed","sticky":false,"template":"","format":"standard","meta":{"footnotes":""},"categories":[24630,1169],"tags":[],"vendi":[],"content_country":[],"class_list":["post-877293","post","type-post","status-publish","format-standard","has-post-thumbnail","hentry","category-nouvelles","category-sport-fr"],"acf":[],"_links":{"self":[{"href":"https:\/\/www.albinfo.at\/fr\/wp-json\/wp\/v2\/posts\/877293","targetHints":{"allow":["GET"]}}],"collection":[{"href":"https:\/\/www.albinfo.at\/fr\/wp-json\/wp\/v2\/posts"}],"about":[{"href":"https:\/\/www.albinfo.at\/fr\/wp-json\/wp\/v2\/types\/post"}],"author":[{"embeddable":true,"href":"https:\/\/www.albinfo.at\/fr\/wp-json\/wp\/v2\/users\/6"}],"replies":[{"embeddable":true,"href":"https:\/\/www.albinfo.at\/fr\/wp-json\/wp\/v2\/comments?post=877293"}],"version-history":[{"count":1,"href":"https:\/\/www.albinfo.at\/fr\/wp-json\/wp\/v2\/posts\/877293\/revisions"}],"predecessor-version":[{"id":877298,"href":"https:\/\/www.albinfo.at\/fr\/wp-json\/wp\/v2\/posts\/877293\/revisions\/877298"}],"wp:featuredmedia":[{"embeddable":true,"href":"https:\/\/www.albinfo.at\/fr\/wp-json\/wp\/v2\/media\/596770"}],"wp:attachment":[{"href":"https:\/\/www.albinfo.at\/fr\/wp-json\/wp\/v2\/media?parent=877293"}],"wp:term":[{"taxonomy":"category","embeddable":true,"href":"https:\/\/www.albinfo.at\/fr\/wp-json\/wp\/v2\/categories?post=877293"},{"taxonomy":"post_tag","embeddable":true,"href":"https:\/\/www.albinfo.at\/fr\/wp-json\/wp\/v2\/tags?post=877293"},{"taxonomy":"vendi","embeddable":true,"href":"https:\/\/www.albinfo.at\/fr\/wp-json\/wp\/v2\/vendi?post=877293"},{"taxonomy":"content_country","embeddable":true,"href":"https:\/\/www.albinfo.at\/fr\/wp-json\/wp\/v2\/content_country?post=877293"}],"curies":[{"name":"wp","href":"https:\/\/api.w.org\/{rel}","templated":true}]}}