{"id":877280,"date":"2025-11-24T19:59:57","date_gmt":"2025-11-24T18:59:57","guid":{"rendered":"https:\/\/www.albinfo.ch\/?p=877280"},"modified":"2025-11-25T09:00:22","modified_gmt":"2025-11-25T08:00:22","slug":"billets-pour-leurovision-a-vienne-la-preinscription-est-desormais-ouverte","status":"publish","type":"post","link":"https:\/\/www.albinfo.at\/fr\/billets-pour-leurovision-a-vienne-la-preinscription-est-desormais-ouverte\/","title":{"rendered":"Billets pour l\u2019Eurovision \u00e0 Vienne: la pr\u00e9inscription est d\u00e9sormais ouverte"},"content":{"rendered":"<p data-start=\"16\" data-end=\"527\">Toute personne souhaitant assister \u00e0 un spectacle en direct du Concours Eurovision de la Chanson (ESC) \u00e0 la Wiener Stadthalle doit s\u2019inscrire dans les trois prochaines semaines. La pr\u00e9inscription a ouvert aujourd\u2019hui, lundi, et selon l\u2019ORF elle est n\u00e9cessaire pour garantir une vente de billets sans revendeurs ni robots. Jusqu\u2019au 18 d\u00e9cembre, les fans du Concours doivent s\u2019enregistrer sur <a class=\"decorated-link\" href=\"http:\/\/www.eurovision.com\" target=\"_new\" rel=\"noopener\" data-start=\"407\" data-end=\"425\">www.eurovision.com<\/a> ou <a class=\"decorated-link\" href=\"http:\/\/www.oeticket.com\" target=\"_new\" rel=\"noopener\" data-start=\"429\" data-end=\"445\">www.oeticket.com<\/a>. Lundi matin, des temps d\u2019attente de parfois 15 minutes ou plus ont \u00e9t\u00e9 signal\u00e9s.<\/p>\n<p data-start=\"529\" data-end=\"1032\">La premi\u00e8re vague de billets sera mise en vente le 13 janvier, a annonc\u00e9 l\u2019ORF lors du lancement de l\u2019enregistrement. Le 13 janvier tombe un jour apr\u00e8s le tirage au sort des demi-finales, \u00e9crit theinternational. Cela signifie que les fans de l\u2019ESC sauront d\u00e9j\u00e0 dans quelle demi-finale, le 12 ou le 14 mai, leur pays pr\u00e9f\u00e9r\u00e9 se produira, ce qui pourra influencer leur choix de billets. Un maximum de quatre billets par inscription peut \u00eatre achet\u00e9, conform\u00e9ment au principe premier arriv\u00e9, premier servi.<\/p>\n<p data-start=\"1034\" data-end=\"1071\">Les billets varient de 15 \u00e0 360 euros<\/p>\n<p data-start=\"1073\" data-end=\"1608\">Mais il n\u2019y aura pas uniquement des billets pour les deux demi-finales et la finale. Chacune proposera \u00e9galement un Show Pr\u00e9liminaire du Soir, qui est en fait une r\u00e9p\u00e9tition g\u00e9n\u00e9rale, ainsi qu\u2019un Show Pr\u00e9liminaire de l\u2019Apr\u00e8s-midi pour ceux qui pr\u00e9f\u00e8rent les repr\u00e9sentations plus t\u00f4t. La fourchette de prix est tr\u00e8s large. Le billet le moins cher pour les spectacles de l\u2019apr\u00e8s-midi commence \u00e0 15 euros, tandis que le billet le plus cher pour la finale, dans la zone du Cercle d\u2019Or devant la sc\u00e8ne, co\u00fbte 360 euros, rapporte albinfo.at.<\/p>\n<p data-start=\"1610\" data-end=\"1788\">Pour r\u00e9f\u00e9rence, l\u2019ORF se base sur l\u2019ann\u00e9e 2015. \u00c0 l\u2019\u00e9poque, apr\u00e8s la victoire de Conchita \u00e0 Copenhague, 100 000 spectateurs avaient assist\u00e9 aux neuf spectacles de l\u2019ESC \u00e0 Vienne.<\/p>\n","protected":false},"excerpt":{"rendered":"<p>L\u2019enregistrement pour les billets de l\u2019Eurovision 2025 \u00e0 Vienne est ouvert. Les billets pour les demi-finales, les premi\u00e8res et la finale peuvent \u00eatre obtenus \u00e0 des prix allant de 15 \u00e0 360 euros<\/p>\n","protected":false},"author":6,"featured_media":854014,"comment_status":"closed","ping_status":"closed","sticky":false,"template":"","format":"standard","meta":{"footnotes":""},"categories":[34913,24630,24633],"tags":[],"vendi":[],"content_country":[],"class_list":["post-877280","post","type-post","status-publish","format-standard","has-post-thumbnail","hentry","category-la-vie-en-autriche","category-nouvelles","category-nouvelles-fr-2"],"acf":[],"_links":{"self":[{"href":"https:\/\/www.albinfo.at\/fr\/wp-json\/wp\/v2\/posts\/877280","targetHints":{"allow":["GET"]}}],"collection":[{"href":"https:\/\/www.albinfo.at\/fr\/wp-json\/wp\/v2\/posts"}],"about":[{"href":"https:\/\/www.albinfo.at\/fr\/wp-json\/wp\/v2\/types\/post"}],"author":[{"embeddable":true,"href":"https:\/\/www.albinfo.at\/fr\/wp-json\/wp\/v2\/users\/6"}],"replies":[{"embeddable":true,"href":"https:\/\/www.albinfo.at\/fr\/wp-json\/wp\/v2\/comments?post=877280"}],"version-history":[{"count":1,"href":"https:\/\/www.albinfo.at\/fr\/wp-json\/wp\/v2\/posts\/877280\/revisions"}],"predecessor-version":[{"id":877281,"href":"https:\/\/www.albinfo.at\/fr\/wp-json\/wp\/v2\/posts\/877280\/revisions\/877281"}],"wp:featuredmedia":[{"embeddable":true,"href":"https:\/\/www.albinfo.at\/fr\/wp-json\/wp\/v2\/media\/854014"}],"wp:attachment":[{"href":"https:\/\/www.albinfo.at\/fr\/wp-json\/wp\/v2\/media?parent=877280"}],"wp:term":[{"taxonomy":"category","embeddable":true,"href":"https:\/\/www.albinfo.at\/fr\/wp-json\/wp\/v2\/categories?post=877280"},{"taxonomy":"post_tag","embeddable":true,"href":"https:\/\/www.albinfo.at\/fr\/wp-json\/wp\/v2\/tags?post=877280"},{"taxonomy":"vendi","embeddable":true,"href":"https:\/\/www.albinfo.at\/fr\/wp-json\/wp\/v2\/vendi?post=877280"},{"taxonomy":"content_country","embeddable":true,"href":"https:\/\/www.albinfo.at\/fr\/wp-json\/wp\/v2\/content_country?post=877280"}],"curies":[{"name":"wp","href":"https:\/\/api.w.org\/{rel}","templated":true}]}}