{"id":877264,"date":"2025-11-24T19:11:03","date_gmt":"2025-11-24T18:11:03","guid":{"rendered":"https:\/\/www.albinfo.ch\/?p=877264"},"modified":"2025-11-25T08:15:20","modified_gmt":"2025-11-25T07:15:20","slug":"hoxha-et-asani-brillent","status":"publish","type":"post","link":"https:\/\/www.albinfo.at\/fr\/hoxha-et-asani-brillent\/","title":{"rendered":"Hoxha et Asani brillent"},"content":{"rendered":"<p data-start=\"16\" data-end=\"256\">Les joueurs de l\u2019\u00e9quipe nationale albanaise continuent de briller sur la sc\u00e8ne internationale. Au cours de la semaine \u00e9coul\u00e9e, plusieurs d\u2019entre eux ont \u00e9t\u00e9 protagonistes gr\u00e2ce \u00e0 des buts et des passes d\u00e9cisives dans leurs clubs respectifs.<\/p>\n<p data-start=\"258\" data-end=\"711\">Arb\u00ebr Hoxha est le joueur du moment en Croatie. Apr\u00e8s avoir \u00e9t\u00e9 d\u00e9sign\u00e9 meilleur joueur du mois de septembre, l\u2019attaquant de l\u2019\u00e9quipe nationale a remport\u00e9 la m\u00eame distinction pour le mois d\u2019octobre et l\u2019a c\u00e9l\u00e9br\u00e9e en inscrivant un doubl\u00e9 lors du dernier match de championnat contre Varazdin. Le Dinamo Zagreb s\u2019est impos\u00e9 3-1 et Hoxha a marqu\u00e9 \u00e0 la 37e minute de la premi\u00e8re mi-temps et \u00e0 la 53e minute de la seconde, \u00e9crit la FSHF, rapporte albinfo.ch.<\/p>\n<p data-start=\"713\" data-end=\"994\">Jasir Asani a \u00e9galement inscrit un doubl\u00e9 pour Esteghlal en Coupe d\u2019Iran, offrant la victoire \u00e0 son \u00e9quipe dans les prolongations. L\u2019attaquant rouge et noir avait d\u2019abord \u00e9galis\u00e9 sur penalty \u00e0 la fin du temps r\u00e9glementaire avant de sceller la victoire pendant le temps additionnel.<\/p>\n<p data-start=\"996\" data-end=\"1214\">Qazim La\u00e7i a marqu\u00e9 un superbe but sur coup franc avec Rizespor contre Fenerbahce dans le championnat turc. Le milieu de terrain a inscrit le deuxi\u00e8me but du match \u00e0 la 15e minute, trompant le gardien adverse, Ederson.<\/p>\n<p data-start=\"1216\" data-end=\"1454\">Juljan Shehu a lui aussi trouv\u00e9 le chemin des filets en marquant pour le Widzew \u0141\u00f3d\u017a dans le championnat polonais, lors de la rencontre contre Korona Kielce. Shehu a marqu\u00e9 \u00e0 la 49e minute, m\u00eame si son \u00e9quipe s\u2019est inclin\u00e9e dans ce match.<\/p>\n<p data-start=\"1456\" data-end=\"1729\">L\u2019attaquant de l\u2019\u00e9quipe nationale Mirlind Daku a \u00e9galement retrouv\u00e9 le chemin du but, en marquant l\u2019unique r\u00e9alisation du match Rubin Kazan \u2013 Akhmat Grozny, offrant ainsi la victoire \u00e0 son \u00e9quipe. Daku a marqu\u00e9 \u00e0 la 75e minute, portant son total \u00e0 neuf buts en championnat.<\/p>\n<p data-start=\"1731\" data-end=\"1921\">Anis Mehmeti a d\u00e9livr\u00e9 trois passes d\u00e9cisives lors de la victoire 3-0 de Bristol City face \u00e0 Swansea, figurant parmi les meilleurs joueurs sur le terrain avec une prestation impressionnante.<\/p>\n<p data-start=\"1923\" data-end=\"2101\">Parmi les titulaires de la semaine figuraient \u00e9galement Thomas Strakosha, Mario Mitaj, Berat Gjimshiti, Arlind Ajeti, Ylber Ramadani, Medon Berisha, Adrion Pajaziti et Rey Manaj.<\/p>\n<p data-start=\"2103\" data-end=\"2190\">Comme rempla\u00e7ants, Nedim Bajrami, Armando Broja et Indrit Tuci ont \u00e9galement contribu\u00e9.<\/p>\n","protected":false},"excerpt":{"rendered":"<p>Hoxha et Asani inscrivent chacun un doubl\u00e9. La\u00e7i, Shehu et Daku trouvent \u00e9galement le chemin des filets.<\/p>\n","protected":false},"author":6,"featured_media":877071,"comment_status":"closed","ping_status":"closed","sticky":false,"template":"","format":"standard","meta":{"footnotes":""},"categories":[24671,1169],"tags":[],"vendi":[],"content_country":[],"class_list":["post-877264","post","type-post","status-publish","format-standard","has-post-thumbnail","hentry","category-football","category-sport-fr"],"acf":[],"_links":{"self":[{"href":"https:\/\/www.albinfo.at\/fr\/wp-json\/wp\/v2\/posts\/877264","targetHints":{"allow":["GET"]}}],"collection":[{"href":"https:\/\/www.albinfo.at\/fr\/wp-json\/wp\/v2\/posts"}],"about":[{"href":"https:\/\/www.albinfo.at\/fr\/wp-json\/wp\/v2\/types\/post"}],"author":[{"embeddable":true,"href":"https:\/\/www.albinfo.at\/fr\/wp-json\/wp\/v2\/users\/6"}],"replies":[{"embeddable":true,"href":"https:\/\/www.albinfo.at\/fr\/wp-json\/wp\/v2\/comments?post=877264"}],"version-history":[{"count":1,"href":"https:\/\/www.albinfo.at\/fr\/wp-json\/wp\/v2\/posts\/877264\/revisions"}],"predecessor-version":[{"id":877265,"href":"https:\/\/www.albinfo.at\/fr\/wp-json\/wp\/v2\/posts\/877264\/revisions\/877265"}],"wp:featuredmedia":[{"embeddable":true,"href":"https:\/\/www.albinfo.at\/fr\/wp-json\/wp\/v2\/media\/877071"}],"wp:attachment":[{"href":"https:\/\/www.albinfo.at\/fr\/wp-json\/wp\/v2\/media?parent=877264"}],"wp:term":[{"taxonomy":"category","embeddable":true,"href":"https:\/\/www.albinfo.at\/fr\/wp-json\/wp\/v2\/categories?post=877264"},{"taxonomy":"post_tag","embeddable":true,"href":"https:\/\/www.albinfo.at\/fr\/wp-json\/wp\/v2\/tags?post=877264"},{"taxonomy":"vendi","embeddable":true,"href":"https:\/\/www.albinfo.at\/fr\/wp-json\/wp\/v2\/vendi?post=877264"},{"taxonomy":"content_country","embeddable":true,"href":"https:\/\/www.albinfo.at\/fr\/wp-json\/wp\/v2\/content_country?post=877264"}],"curies":[{"name":"wp","href":"https:\/\/api.w.org\/{rel}","templated":true}]}}