{"id":876837,"date":"2025-11-22T09:50:27","date_gmt":"2025-11-22T08:50:27","guid":{"rendered":"https:\/\/www.albinfo.ch\/?p=876837"},"modified":"2025-11-22T23:58:57","modified_gmt":"2025-11-22T22:58:57","slug":"le-president-du-torino-parle-de-lavenir-du-joueur-albanais","status":"publish","type":"post","link":"https:\/\/www.albinfo.at\/fr\/le-president-du-torino-parle-de-lavenir-du-joueur-albanais\/","title":{"rendered":"Le pr\u00e9sident du Torino parle de l\u2019avenir du joueur albanais"},"content":{"rendered":"<p data-start=\"0\" data-end=\"218\">Asllani, \u00e2g\u00e9 de 23 ans, a rejoint Torino cette saison sous forme de pr\u00eat avec option d\u2019achat. Les dirigeants du club appr\u00e9cient le joueur, mais restent r\u00e9serv\u00e9s quant \u00e0 la d\u00e9cision finale.<\/p>\n<p data-start=\"220\" data-end=\"357\">Cairo a salu\u00e9 ses r\u00e9centes performances, aussi bien avec l\u2019\u00e9quipe nationale albanaise que sous le maillot de Torino, rapporte albinfo.ch.<\/p>\n<p data-start=\"359\" data-end=\"678\">&#8221; Asllani a tr\u00e8s bien jou\u00e9 avec l\u2019Albanie, il a marqu\u00e9 et il est en route vers la phase \u00e9liminatoire. Contre la Juventus il a r\u00e9alis\u00e9 une excellente seconde p\u00e9riode. Nous l\u2019aimons en tant que joueur, c\u2019est pour cela que nous l\u2019avons recrut\u00e9 en pr\u00eat, et il montre des signes positifs. Mais tout d\u00e9pend de l\u2019entra\u00eeneur. &#8220;<\/p>\n<p data-start=\"680\" data-end=\"788\">Concernant un \u00e9ventuel transfert d\u00e9finitif, le pr\u00e9sident a soulign\u00e9 qu\u2019il est encore trop t\u00f4t pour d\u00e9cider :<\/p>\n<p data-start=\"790\" data-end=\"985\">&#8221; L\u2019option d\u2019achat ? Nous ne sommes m\u00eame pas \u00e0 la moiti\u00e9 de la saison. Nous verrons comment cela \u00e9voluera. Il doit maintenir un niveau constant pour nous convaincre de le garder d\u00e9finitivement. &#8220;<\/p>\n<p data-start=\"987\" data-end=\"1106\">Torino a pay\u00e9 1,5 million d\u2019euros pour le pr\u00eat, tandis que la clause d\u2019achat d\u2019Asllani est fix\u00e9e \u00e0 12 millions d\u2019euros.<\/p>\n","protected":false},"excerpt":{"rendered":"<p>Le pr\u00e9sident du Torino r\u00e9v\u00e8le s\u2019ils vont utiliser l\u2019option d\u2019achat pour Asllani<\/p>\n","protected":false},"author":6,"featured_media":876694,"comment_status":"closed","ping_status":"closed","sticky":false,"template":"","format":"standard","meta":{"footnotes":""},"categories":[24630,24671,1169],"tags":[],"vendi":[],"content_country":[],"class_list":["post-876837","post","type-post","status-publish","format-standard","has-post-thumbnail","hentry","category-nouvelles","category-football","category-sport-fr"],"acf":[],"_links":{"self":[{"href":"https:\/\/www.albinfo.at\/fr\/wp-json\/wp\/v2\/posts\/876837","targetHints":{"allow":["GET"]}}],"collection":[{"href":"https:\/\/www.albinfo.at\/fr\/wp-json\/wp\/v2\/posts"}],"about":[{"href":"https:\/\/www.albinfo.at\/fr\/wp-json\/wp\/v2\/types\/post"}],"author":[{"embeddable":true,"href":"https:\/\/www.albinfo.at\/fr\/wp-json\/wp\/v2\/users\/6"}],"replies":[{"embeddable":true,"href":"https:\/\/www.albinfo.at\/fr\/wp-json\/wp\/v2\/comments?post=876837"}],"version-history":[{"count":1,"href":"https:\/\/www.albinfo.at\/fr\/wp-json\/wp\/v2\/posts\/876837\/revisions"}],"predecessor-version":[{"id":876838,"href":"https:\/\/www.albinfo.at\/fr\/wp-json\/wp\/v2\/posts\/876837\/revisions\/876838"}],"wp:featuredmedia":[{"embeddable":true,"href":"https:\/\/www.albinfo.at\/fr\/wp-json\/wp\/v2\/media\/876694"}],"wp:attachment":[{"href":"https:\/\/www.albinfo.at\/fr\/wp-json\/wp\/v2\/media?parent=876837"}],"wp:term":[{"taxonomy":"category","embeddable":true,"href":"https:\/\/www.albinfo.at\/fr\/wp-json\/wp\/v2\/categories?post=876837"},{"taxonomy":"post_tag","embeddable":true,"href":"https:\/\/www.albinfo.at\/fr\/wp-json\/wp\/v2\/tags?post=876837"},{"taxonomy":"vendi","embeddable":true,"href":"https:\/\/www.albinfo.at\/fr\/wp-json\/wp\/v2\/vendi?post=876837"},{"taxonomy":"content_country","embeddable":true,"href":"https:\/\/www.albinfo.at\/fr\/wp-json\/wp\/v2\/content_country?post=876837"}],"curies":[{"name":"wp","href":"https:\/\/api.w.org\/{rel}","templated":true}]}}