{"id":876605,"date":"2025-11-21T18:57:12","date_gmt":"2025-11-21T17:57:12","guid":{"rendered":"https:\/\/www.albinfo.ch\/?p=876605"},"modified":"2025-11-21T18:57:34","modified_gmt":"2025-11-21T17:57:34","slug":"le-footballeur-albanais-fait-debat-en-suisse-rejoindra-t-il-le-kosovo","status":"publish","type":"post","link":"https:\/\/www.albinfo.at\/fr\/le-footballeur-albanais-fait-debat-en-suisse-rejoindra-t-il-le-kosovo\/","title":{"rendered":"Le footballeur albanais fait d\u00e9bat en Suisse, rejoindra-t-il le Kosovo ?"},"content":{"rendered":"<p data-start=\"144\" data-end=\"502\">L\u2019attaquant central de 17 ans a r\u00e9alis\u00e9 des performances remarquables en huiti\u00e8mes de finale de la Coupe du monde U17 au Qatar. Dot\u00e9 de la double nationalit\u00e9 suisse et kosovare, Llukes a attir\u00e9 une grande attention, tandis que les m\u00e9dias helv\u00e9tiques expriment leur inqui\u00e9tude quant au fait que ce jeune talent pourrait choisir le Kosovo, rapporte albinfo.ch.<\/p>\n<p data-start=\"504\" data-end=\"688\">Le m\u00e9dia suisse bien connu 20minuten a consacr\u00e9 jeudi un long article au footballeur du FC Sion, avec un titre provocateur : &#8221; Le Kosovo va-t-il nous prendre aussi le h\u00e9ros des U17 ? &#8220;<\/p>\n<p data-start=\"690\" data-end=\"930\">Llukes a \u00e9t\u00e9 l\u2019auteur du premier but lors de la victoire 3 \u00e0 1 contre l\u2019Irlande mardi soir et a \u00e9t\u00e9 \u00e9lu meilleur joueur du match. Il totalise d\u00e9sormais deux buts dans ce Mondial, devenant l\u2019un des joueurs les plus d\u00e9cisifs de la Suisse U17.<\/p>\n<p data-start=\"932\" data-end=\"1139\">20minuten d\u00e9crit Llukes comme un joueur extr\u00eamement polyvalent, capable d\u2019\u00e9voluer comme attaquant axial, num\u00e9ro 10, num\u00e9ro 8 ou m\u00eame sur les ailes. Le joueur a r\u00e9v\u00e9l\u00e9 que ses idoles sont Neymar et\u2026 son p\u00e8re.<\/p>\n<p data-start=\"1141\" data-end=\"1597\">Le jeune talent d\u2019origine kosovare joue pour le FC Sion depuis son enfance, tout comme son cousin Batien Thoma, qui compte 157 apparitions en Super League suisse. Llukes a fait ses d\u00e9buts en Super League \u00e0 l\u2019\u00e2ge de 16 ans contre Winterthur et a disput\u00e9 son deuxi\u00e8me match en octobre face aux Grasshoppers, une rencontre qui a \u00e9galement attir\u00e9 l\u2019attention de la F\u00e9d\u00e9ration de football du Kosovo. Selon 20minuten, la FFK a d\u00e9j\u00e0 pris contact avec l\u2019attaquant.<\/p>\n<p data-start=\"1599\" data-end=\"1719\">Cependant, Llukes souligne que, pour le moment, il reste enti\u00e8rement concentr\u00e9 sur la Coupe du monde U17 avec la Suisse.<\/p>\n<p data-start=\"1721\" data-end=\"1888\">&#8221; Nous sommes un tr\u00e8s bon groupe, nous avons grandi ensemble. Maintenant, l\u2019objectif est le Portugal et nous esp\u00e9rons franchir \u00e9galement cette \u00e9tape &#8220;, a-t-il d\u00e9clar\u00e9.<\/p>\n<p data-start=\"1890\" data-end=\"1964\">La Suisse U17 affrontera vendredi le Portugal en quarts de finale \u00e0 15h45.<\/p>\n<p data-start=\"1966\" data-end=\"2099\">Cette s\u00e9lection compte \u00e9galement plusieurs joueurs d\u2019origine albanaise : Erblin Sadikaj, Miran Sinani, Nico Lazri et Leonit Ibraimov.<\/p>\n","protected":false},"excerpt":{"rendered":"<p>&#8221; Le Kosovo va-t-il nous prendre aussi le h\u00e9ros des U17 ? &#8221; \u00e9crit le m\u00e9dia 20minuten.<\/p>\n","protected":false},"author":6,"featured_media":876450,"comment_status":"closed","ping_status":"closed","sticky":false,"template":"","format":"standard","meta":{"footnotes":""},"categories":[24630,24671,1169],"tags":[],"vendi":[],"content_country":[],"class_list":["post-876605","post","type-post","status-publish","format-standard","has-post-thumbnail","hentry","category-nouvelles","category-football","category-sport-fr"],"acf":[],"_links":{"self":[{"href":"https:\/\/www.albinfo.at\/fr\/wp-json\/wp\/v2\/posts\/876605","targetHints":{"allow":["GET"]}}],"collection":[{"href":"https:\/\/www.albinfo.at\/fr\/wp-json\/wp\/v2\/posts"}],"about":[{"href":"https:\/\/www.albinfo.at\/fr\/wp-json\/wp\/v2\/types\/post"}],"author":[{"embeddable":true,"href":"https:\/\/www.albinfo.at\/fr\/wp-json\/wp\/v2\/users\/6"}],"replies":[{"embeddable":true,"href":"https:\/\/www.albinfo.at\/fr\/wp-json\/wp\/v2\/comments?post=876605"}],"version-history":[{"count":1,"href":"https:\/\/www.albinfo.at\/fr\/wp-json\/wp\/v2\/posts\/876605\/revisions"}],"predecessor-version":[{"id":876606,"href":"https:\/\/www.albinfo.at\/fr\/wp-json\/wp\/v2\/posts\/876605\/revisions\/876606"}],"wp:featuredmedia":[{"embeddable":true,"href":"https:\/\/www.albinfo.at\/fr\/wp-json\/wp\/v2\/media\/876450"}],"wp:attachment":[{"href":"https:\/\/www.albinfo.at\/fr\/wp-json\/wp\/v2\/media?parent=876605"}],"wp:term":[{"taxonomy":"category","embeddable":true,"href":"https:\/\/www.albinfo.at\/fr\/wp-json\/wp\/v2\/categories?post=876605"},{"taxonomy":"post_tag","embeddable":true,"href":"https:\/\/www.albinfo.at\/fr\/wp-json\/wp\/v2\/tags?post=876605"},{"taxonomy":"vendi","embeddable":true,"href":"https:\/\/www.albinfo.at\/fr\/wp-json\/wp\/v2\/vendi?post=876605"},{"taxonomy":"content_country","embeddable":true,"href":"https:\/\/www.albinfo.at\/fr\/wp-json\/wp\/v2\/content_country?post=876605"}],"curies":[{"name":"wp","href":"https:\/\/api.w.org\/{rel}","templated":true}]}}