{"id":876427,"date":"2025-11-20T18:24:22","date_gmt":"2025-11-20T17:24:22","guid":{"rendered":"https:\/\/www.albinfo.ch\/?p=876427"},"modified":"2025-11-20T23:26:03","modified_gmt":"2025-11-20T22:26:03","slug":"les-rouge-et-noir-face-a-la-pologne-un-duel-decisif","status":"publish","type":"post","link":"https:\/\/www.albinfo.at\/fr\/les-rouge-et-noir-face-a-la-pologne-un-duel-decisif\/","title":{"rendered":"Les Rouge et Noir face \u00e0 la Pologne, un duel d\u00e9cisif"},"content":{"rendered":"<p data-start=\"236\" data-end=\"613\">L\u2019\u00e9quipe nationale d\u2019Albanie a d\u00e9couvert aujourd\u2019hui son adversaire pour les barrages de qualification \u00e0 la Coupe du monde, o\u00f9 le tirage au sort l\u2019a plac\u00e9e face \u00e0 une \u00e9quipe de haut niveau, la Pologne. Les Rouge et Noir ne sont qu\u2019\u00e0 deux matchs du grand r\u00eave mondial, et le duel contre la Pologne s\u2019annonce comme l\u2019\u00e9preuve la plus difficile de ce parcours, rapporte albinfo.ch.<\/p>\n<p data-start=\"615\" data-end=\"664\">Pologne\u00a0 Albanie: Un affrontement de haut niveau<\/p>\n<p data-start=\"666\" data-end=\"983\">L\u2019Albanie se rendra en Pologne pour une rencontre qui s\u2019annonce intense et tr\u00e8s tactique. La Pologne, avec ses stars et une longue tradition sur la sc\u00e8ne internationale, est consid\u00e9r\u00e9e comme un adversaire redoutable, mais les Rouge et Noir ont montr\u00e9 \u00e0 plusieurs reprises qu\u2019ils savent tenir t\u00eate aux grandes \u00e9quipes.<\/p>\n<p data-start=\"985\" data-end=\"1264\">Sous la direction de l\u2019entra\u00eeneur actuel, l\u2019Albanie a d\u00e9montr\u00e9 organisation, discipline et une progression constante. La formation albanaise s\u2019appuie sur un groupe de joueurs jeunes et ambitieux qui ont acquis de l\u2019exp\u00e9rience dans les championnats europ\u00e9ens les plus comp\u00e9titifs.<\/p>\n","protected":false},"excerpt":{"rendered":"<p>L\u2019Albanie d\u00e9couvre son adversaire pour la demi finale et la possible finale des barrages de la Coupe du monde<\/p>\n","protected":false},"author":6,"featured_media":747646,"comment_status":"closed","ping_status":"closed","sticky":false,"template":"","format":"standard","meta":{"footnotes":""},"categories":[34929,24630,1169],"tags":[],"vendi":[],"content_country":[],"class_list":["post-876427","post","type-post","status-publish","format-standard","has-post-thumbnail","hentry","category-futboll-3","category-nouvelles","category-sport-fr"],"acf":[],"_links":{"self":[{"href":"https:\/\/www.albinfo.at\/fr\/wp-json\/wp\/v2\/posts\/876427","targetHints":{"allow":["GET"]}}],"collection":[{"href":"https:\/\/www.albinfo.at\/fr\/wp-json\/wp\/v2\/posts"}],"about":[{"href":"https:\/\/www.albinfo.at\/fr\/wp-json\/wp\/v2\/types\/post"}],"author":[{"embeddable":true,"href":"https:\/\/www.albinfo.at\/fr\/wp-json\/wp\/v2\/users\/6"}],"replies":[{"embeddable":true,"href":"https:\/\/www.albinfo.at\/fr\/wp-json\/wp\/v2\/comments?post=876427"}],"version-history":[{"count":1,"href":"https:\/\/www.albinfo.at\/fr\/wp-json\/wp\/v2\/posts\/876427\/revisions"}],"predecessor-version":[{"id":876428,"href":"https:\/\/www.albinfo.at\/fr\/wp-json\/wp\/v2\/posts\/876427\/revisions\/876428"}],"wp:featuredmedia":[{"embeddable":true,"href":"https:\/\/www.albinfo.at\/fr\/wp-json\/wp\/v2\/media\/747646"}],"wp:attachment":[{"href":"https:\/\/www.albinfo.at\/fr\/wp-json\/wp\/v2\/media?parent=876427"}],"wp:term":[{"taxonomy":"category","embeddable":true,"href":"https:\/\/www.albinfo.at\/fr\/wp-json\/wp\/v2\/categories?post=876427"},{"taxonomy":"post_tag","embeddable":true,"href":"https:\/\/www.albinfo.at\/fr\/wp-json\/wp\/v2\/tags?post=876427"},{"taxonomy":"vendi","embeddable":true,"href":"https:\/\/www.albinfo.at\/fr\/wp-json\/wp\/v2\/vendi?post=876427"},{"taxonomy":"content_country","embeddable":true,"href":"https:\/\/www.albinfo.at\/fr\/wp-json\/wp\/v2\/content_country?post=876427"}],"curies":[{"name":"wp","href":"https:\/\/api.w.org\/{rel}","templated":true}]}}