{"id":876402,"date":"2025-11-20T18:56:47","date_gmt":"2025-11-20T17:56:47","guid":{"rendered":"https:\/\/www.albinfo.ch\/?p=876402"},"modified":"2025-11-20T23:00:40","modified_gmt":"2025-11-20T22:00:40","slug":"classement-nouvellement-publie-de-la-fifa-le-kosovo-atteint-un-record-historique","status":"publish","type":"post","link":"https:\/\/www.albinfo.at\/fr\/classement-nouvellement-publie-de-la-fifa-le-kosovo-atteint-un-record-historique\/","title":{"rendered":"Classement nouvellement publi\u00e9 de la FIFA, le Kosovo atteint un record historique"},"content":{"rendered":"<p data-start=\"0\" data-end=\"245\">L\u2019\u00e9quipe nationale du Kosovo a \u00e9tabli un record historique dans la toute derni\u00e8re mise \u00e0 jour de la FIFA, gr\u00e2ce aux r\u00e9sultats positifs obtenus durant la campagne de qualification pour la Coupe du monde 2026, rapporte albinfo.ch.<\/p>\n<p data-start=\"247\" data-end=\"450\">Les Dardan\u00ebt ont assur\u00e9 leur place dans les barrages de la Coupe du monde 2026, apr\u00e8s avoir p\u00ebrfunduar \u00e0 la deuxi\u00e8me position du groupe B, o\u00f9 leurs adversaires \u00e9taient la Suisse, la Slov\u00e9nie et la Su\u00e8de.<\/p>\n<p data-start=\"452\" data-end=\"667\">Lors de cette campagne, le Kosovo a enregistr\u00e9 trois victoires, deux matchs nuls et une d\u00e9faite. Derni\u00e8rement, l\u2019\u00e9quipe a battu la Slov\u00e9nie \u00e0 Ljubljana et a fait match nul 1-1 contre la Suisse au stade Fadil Vokrri.<\/p>\n<p data-start=\"669\" data-end=\"892\">Ces r\u00e9sultats positifs ont permis au Kosovo de conna\u00eetre une nouvelle progression importante dans le classement UEFA, apr\u00e8s celle du mois de novembre o\u00f9 l\u2019\u00e9quipe occupait la 84e place. Cette fois, elle a gagn\u00e9 quatre rangs.<\/p>\n<p data-start=\"894\" data-end=\"920\">Classement FIFA mis \u00e0 jour<\/p>\n<p data-start=\"922\" data-end=\"1079\">Le Kosovo a avanc\u00e9 de quatre positions, passant de la 84e \u00e0 la 80e place, d\u00e9passant ainsi des s\u00e9lections comme Cura\u00e7ao, la Guin\u00e9e, le Mont\u00e9n\u00e9gro et d\u2019autres.<\/p>\n<p data-start=\"1081\" data-end=\"1163\">De son c\u00f4t\u00e9, l\u2019Albanie a recul\u00e9 de deux places et se trouve d\u00e9sormais au 63e rang.<\/p>\n<p data-start=\"1165\" data-end=\"1245\">La liste compl\u00e8te des pays avec la derni\u00e8re mise \u00e0 jour FIFA peut \u00eatre consult\u00e9e\u00a0 <a href=\"https:\/\/inside.fifa.com\/fifa-world-ranking\/men\"><span class=\"s3\">K\u00cbTU<\/span><\/a><\/p>\n","protected":false},"excerpt":{"rendered":"<p>Nouveau record pour le Kosovo dans le classement FIFA<\/p>\n","protected":false},"author":6,"featured_media":875832,"comment_status":"closed","ping_status":"closed","sticky":false,"template":"","format":"standard","meta":{"footnotes":""},"categories":[34927,34929,23270,24630,1169],"tags":[],"vendi":[],"content_country":[],"class_list":["post-876402","post","type-post","status-publish","format-standard","has-post-thumbnail","hentry","category-kosova-4","category-futboll-3","category-at-balkani-fr","category-nouvelles","category-sport-fr"],"acf":[],"_links":{"self":[{"href":"https:\/\/www.albinfo.at\/fr\/wp-json\/wp\/v2\/posts\/876402","targetHints":{"allow":["GET"]}}],"collection":[{"href":"https:\/\/www.albinfo.at\/fr\/wp-json\/wp\/v2\/posts"}],"about":[{"href":"https:\/\/www.albinfo.at\/fr\/wp-json\/wp\/v2\/types\/post"}],"author":[{"embeddable":true,"href":"https:\/\/www.albinfo.at\/fr\/wp-json\/wp\/v2\/users\/6"}],"replies":[{"embeddable":true,"href":"https:\/\/www.albinfo.at\/fr\/wp-json\/wp\/v2\/comments?post=876402"}],"version-history":[{"count":1,"href":"https:\/\/www.albinfo.at\/fr\/wp-json\/wp\/v2\/posts\/876402\/revisions"}],"predecessor-version":[{"id":876403,"href":"https:\/\/www.albinfo.at\/fr\/wp-json\/wp\/v2\/posts\/876402\/revisions\/876403"}],"wp:featuredmedia":[{"embeddable":true,"href":"https:\/\/www.albinfo.at\/fr\/wp-json\/wp\/v2\/media\/875832"}],"wp:attachment":[{"href":"https:\/\/www.albinfo.at\/fr\/wp-json\/wp\/v2\/media?parent=876402"}],"wp:term":[{"taxonomy":"category","embeddable":true,"href":"https:\/\/www.albinfo.at\/fr\/wp-json\/wp\/v2\/categories?post=876402"},{"taxonomy":"post_tag","embeddable":true,"href":"https:\/\/www.albinfo.at\/fr\/wp-json\/wp\/v2\/tags?post=876402"},{"taxonomy":"vendi","embeddable":true,"href":"https:\/\/www.albinfo.at\/fr\/wp-json\/wp\/v2\/vendi?post=876402"},{"taxonomy":"content_country","embeddable":true,"href":"https:\/\/www.albinfo.at\/fr\/wp-json\/wp\/v2\/content_country?post=876402"}],"curies":[{"name":"wp","href":"https:\/\/api.w.org\/{rel}","templated":true}]}}