{"id":876162,"date":"2025-11-19T22:23:57","date_gmt":"2025-11-19T21:23:57","guid":{"rendered":"https:\/\/www.albinfo.ch\/?p=876162"},"modified":"2025-11-20T00:27:09","modified_gmt":"2025-11-19T23:27:09","slug":"le-kosovo-atteint-un-record-dans-le-classement-fifa","status":"publish","type":"post","link":"https:\/\/www.albinfo.at\/fr\/le-kosovo-atteint-un-record-dans-le-classement-fifa\/","title":{"rendered":"Le Kosovo atteint un record dans le classement FIFA"},"content":{"rendered":"<p data-start=\"0\" data-end=\"260\">La progression du Kosovo est \u00e9galement confirm\u00e9e dans le nouveau classement FIFA publi\u00e9 mercredi. Avec cette mise \u00e0 jour, le Kosovo occupe d\u00e9sormais la 80e position, soit quatre places de plus que dans le classement rendu public le 17 octobre.<\/p>\n<p data-start=\"262\" data-end=\"653\">La 84e place du mois dernier ishte historique. Un nouvel chapitre vient d\u2019\u00eatre \u00e9crit ce mercredi dans le classement FIFA, et ce gr\u00e2ce au succ\u00e8s historique du Kosovo. Lors des derniers matchs de novembre, le Kosovo a battu la Slov\u00e9nie 2\u20130 \u00e0 l\u2019ext\u00e9rieur, au stade \u201cSto\u017eice\u201d de Ljubljana, le 15 novembre, tandis que le 18 novembre, il a fait match nul 1\u20131 contre la Suisse, rapporte albinfo.ch.<\/p>\n<p data-start=\"655\" data-end=\"980\">L\u2019Albanie, de son c\u00f4t\u00e9, a recul\u00e9 de deux rangs ce mois-ci dans le nouveau classement mondial de football. Elle \u00e9tait 61e le mois dernier et se retrouve d\u00e9sormais 63e. L\u2019Albanie avait gagn\u00e9 1\u20130 en d\u00e9placement contre l\u2019Andorre le 13 novembre, avant de s\u2019incliner 2\u20130 face \u00e0 l\u2019Angleterre le 16 novembre \u00e0 \u201cAir Albania\u201d \u00e0 Tirana.<\/p>\n<p data-start=\"982\" data-end=\"1168\">Le Kosovo et l\u2019Albanie se sont tous deux qualifi\u00e9s pour les barrages de la Coupe du monde 2026, un succ\u00e8s historique, puisqu\u2019une telle performance n\u2019avait jamais \u00e9t\u00e9 r\u00e9alis\u00e9e auparavant.<\/p>\n<p data-start=\"1170\" data-end=\"1323\">Le classement mondial continue d\u2019\u00eatre domin\u00e9 par l\u2019Espagne, suivie de l\u2019Argentine, de la France, de l\u2019Angleterre et du Br\u00e9sil qui compl\u00e8tent le top cinq.<\/p>\n<p data-start=\"1325\" data-end=\"1451\">Le Portugal, les Pays-Bas, la Belgique, l\u2019Allemagne et la Croatie compl\u00e8tent le top 10 dans le classement du mois de novembre.<\/p>\n","protected":false},"excerpt":{"rendered":"<p>Avec le nouveau classement de la FIFA, le Kosovo occupe d\u00e9sormais la 80e position, soit quatre places de plus que dans le classement publi\u00e9 le 17 octobre.<\/p>\n","protected":false},"author":6,"featured_media":875829,"comment_status":"closed","ping_status":"closed","sticky":false,"template":"","format":"standard","meta":{"footnotes":""},"categories":[24671,1169],"tags":[],"vendi":[],"content_country":[],"class_list":["post-876162","post","type-post","status-publish","format-standard","has-post-thumbnail","hentry","category-football","category-sport-fr"],"acf":[],"_links":{"self":[{"href":"https:\/\/www.albinfo.at\/fr\/wp-json\/wp\/v2\/posts\/876162","targetHints":{"allow":["GET"]}}],"collection":[{"href":"https:\/\/www.albinfo.at\/fr\/wp-json\/wp\/v2\/posts"}],"about":[{"href":"https:\/\/www.albinfo.at\/fr\/wp-json\/wp\/v2\/types\/post"}],"author":[{"embeddable":true,"href":"https:\/\/www.albinfo.at\/fr\/wp-json\/wp\/v2\/users\/6"}],"replies":[{"embeddable":true,"href":"https:\/\/www.albinfo.at\/fr\/wp-json\/wp\/v2\/comments?post=876162"}],"version-history":[{"count":1,"href":"https:\/\/www.albinfo.at\/fr\/wp-json\/wp\/v2\/posts\/876162\/revisions"}],"predecessor-version":[{"id":876163,"href":"https:\/\/www.albinfo.at\/fr\/wp-json\/wp\/v2\/posts\/876162\/revisions\/876163"}],"wp:featuredmedia":[{"embeddable":true,"href":"https:\/\/www.albinfo.at\/fr\/wp-json\/wp\/v2\/media\/875829"}],"wp:attachment":[{"href":"https:\/\/www.albinfo.at\/fr\/wp-json\/wp\/v2\/media?parent=876162"}],"wp:term":[{"taxonomy":"category","embeddable":true,"href":"https:\/\/www.albinfo.at\/fr\/wp-json\/wp\/v2\/categories?post=876162"},{"taxonomy":"post_tag","embeddable":true,"href":"https:\/\/www.albinfo.at\/fr\/wp-json\/wp\/v2\/tags?post=876162"},{"taxonomy":"vendi","embeddable":true,"href":"https:\/\/www.albinfo.at\/fr\/wp-json\/wp\/v2\/vendi?post=876162"},{"taxonomy":"content_country","embeddable":true,"href":"https:\/\/www.albinfo.at\/fr\/wp-json\/wp\/v2\/content_country?post=876162"}],"curies":[{"name":"wp","href":"https:\/\/api.w.org\/{rel}","templated":true}]}}