{"id":875837,"date":"2025-11-18T23:08:01","date_gmt":"2025-11-18T22:08:01","guid":{"rendered":"https:\/\/www.albinfo.ch\/?p=875837"},"modified":"2025-11-18T23:09:30","modified_gmt":"2025-11-18T22:09:30","slug":"le-kosovo-garde-vivante-son-reve-de-coupe-du-monde-apres-le-match-nul-1-1-contre-la-suisse","status":"publish","type":"post","link":"https:\/\/www.albinfo.at\/fr\/le-kosovo-garde-vivante-son-reve-de-coupe-du-monde-apres-le-match-nul-1-1-contre-la-suisse\/","title":{"rendered":"Le Kosovo garde vivante son r\u00eave de Coupe du monde apr\u00e8s le match nul 1-1 contre la Suisse"},"content":{"rendered":"<p data-start=\"0\" data-end=\"229\">L\u2019\u00e9quipe nationale du Kosovo a termin\u00e9 le match contre la Suisse sur le score de 1-1, obtenant un nul important au stade Fadil Vokrri et maintenant vivante l\u2019esp\u00e9rance pour les barrages de la Coupe du monde 2026.<\/p>\n<p data-start=\"231\" data-end=\"489\">La Suisse a ouvert le score \u00e0 la 47e minute gr\u00e2ce \u00e0 Ruben Vargas qui, apr\u00e8s une passe de Djibril Sow, a contr\u00f4l\u00e9 le ballon et l\u2019a gliss\u00e9 calmement entre les jambes du gardien Muriq, inscrivant ainsi son onzi\u00e8me but avec la s\u00e9lection suisse, \u00e9crit albinfo.ch.<\/p>\n<p data-start=\"491\" data-end=\"721\">Cependant, le Kosovo a r\u00e9agi et \u00e0 la 74e minute, Florent Muslija a \u00e9galis\u00e9, ravivant l\u2019espoir d\u2019un r\u00e9sultat positif et garantissant une perspective int\u00e9ressante en vue du tirage au sort des barrages qui aura lieu en mars prochain.<\/p>\n<p data-start=\"723\" data-end=\"880\">Ce match nul refl\u00e8te une performance solide de l\u2019\u00e9quipe kosovare et laisse la s\u00e9lection dans une bonne position pour lutter pour une place en Coupe du monde.<\/p>\n<p>&nbsp;<\/p>\n<p>&nbsp;<\/p>\n","protected":false},"excerpt":{"rendered":"<p>L\u2019\u00e9quipe nationale du Kosovo a termin\u00e9 le match contre la Suisse sur le score de 1-1, obtenant un nul important au stade Fadil Vokrri et maintenant vivante l\u2019esp\u00e9rance pour les barrages de la Coupe du monde 2026. La Suisse a ouvert le score \u00e0 la 47e minute gr\u00e2ce \u00e0 Ruben Vargas qui, apr\u00e8s une passe [&hellip;]<\/p>\n","protected":false},"author":6,"featured_media":875829,"comment_status":"closed","ping_status":"closed","sticky":false,"template":"","format":"standard","meta":{"footnotes":""},"categories":[33083,23271,1160,23277,23270,24620,24634,24671,1159,1169,1170],"tags":[],"vendi":[],"content_country":[],"class_list":["post-875837","post","type-post","status-publish","format-standard","has-post-thumbnail","hentry","category-de-balkani-fr","category-kosovo","category-actuel","category-news-fr","category-at-balkani-fr","category-kosova-fr-2","category-nouvelles-fr-3","category-football","category-ch-balkans","category-sport-fr","category-vivre-en-suisse"],"acf":[],"_links":{"self":[{"href":"https:\/\/www.albinfo.at\/fr\/wp-json\/wp\/v2\/posts\/875837","targetHints":{"allow":["GET"]}}],"collection":[{"href":"https:\/\/www.albinfo.at\/fr\/wp-json\/wp\/v2\/posts"}],"about":[{"href":"https:\/\/www.albinfo.at\/fr\/wp-json\/wp\/v2\/types\/post"}],"author":[{"embeddable":true,"href":"https:\/\/www.albinfo.at\/fr\/wp-json\/wp\/v2\/users\/6"}],"replies":[{"embeddable":true,"href":"https:\/\/www.albinfo.at\/fr\/wp-json\/wp\/v2\/comments?post=875837"}],"version-history":[{"count":1,"href":"https:\/\/www.albinfo.at\/fr\/wp-json\/wp\/v2\/posts\/875837\/revisions"}],"predecessor-version":[{"id":875838,"href":"https:\/\/www.albinfo.at\/fr\/wp-json\/wp\/v2\/posts\/875837\/revisions\/875838"}],"wp:featuredmedia":[{"embeddable":true,"href":"https:\/\/www.albinfo.at\/fr\/wp-json\/wp\/v2\/media\/875829"}],"wp:attachment":[{"href":"https:\/\/www.albinfo.at\/fr\/wp-json\/wp\/v2\/media?parent=875837"}],"wp:term":[{"taxonomy":"category","embeddable":true,"href":"https:\/\/www.albinfo.at\/fr\/wp-json\/wp\/v2\/categories?post=875837"},{"taxonomy":"post_tag","embeddable":true,"href":"https:\/\/www.albinfo.at\/fr\/wp-json\/wp\/v2\/tags?post=875837"},{"taxonomy":"vendi","embeddable":true,"href":"https:\/\/www.albinfo.at\/fr\/wp-json\/wp\/v2\/vendi?post=875837"},{"taxonomy":"content_country","embeddable":true,"href":"https:\/\/www.albinfo.at\/fr\/wp-json\/wp\/v2\/content_country?post=875837"}],"curies":[{"name":"wp","href":"https:\/\/api.w.org\/{rel}","templated":true}]}}