{"id":875719,"date":"2025-11-18T19:55:55","date_gmt":"2025-11-18T18:55:55","guid":{"rendered":"https:\/\/www.albinfo.ch\/?p=875719"},"modified":"2025-11-18T19:56:27","modified_gmt":"2025-11-18T18:56:27","slug":"les-formations-officielles-kosovo-suisse","status":"publish","type":"post","link":"https:\/\/www.albinfo.at\/fr\/les-formations-officielles-kosovo-suisse\/","title":{"rendered":"Les formations officielles Kosovo-Suisse"},"content":{"rendered":"<p data-start=\"0\" data-end=\"129\">Les compositions du match Kosovo-Suisse, qui se joue \u00e0 20h45 au stade Fadil Vokrri \u00e0 Pristina, ont \u00e9t\u00e9 publi\u00e9es.<\/p>\n<p data-start=\"131\" data-end=\"271\">Franco Foda a apport\u00e9 des changements dans son onze. Il a m\u00e9nag\u00e9 Albian Hajdari en d\u00e9fense et Leon Avdullahu au milieu, rapporte albinfo.ch.<\/p>\n<p data-start=\"273\" data-end=\"395\">Fidan Aliti d\u00e9butera \u00e0 la place de Hajdari, tandis que Veldin Hoxha remplacera Avdullahu. Aro Muriq revient dans les buts.<\/p>\n<p data-start=\"397\" data-end=\"514\">Le Kosovo \u00e9voluera en 5-3-2, comme lors des derniers matchs. L\u2019attaque sera men\u00e9e par Vedat Muriqi et Fisnik Asllani.<\/p>\n<p data-start=\"516\" data-end=\"590\">Du c\u00f4t\u00e9 suisse, le capitaine Granit Xhaka est titulaire, comme d\u2019habitude.<\/p>\n","protected":false},"excerpt":{"rendered":"<p>Les compositions officielles du match Kosovo-Suisse, qui se jouera \u00e0 20h45, ont \u00e9t\u00e9 publi\u00e9es<\/p>\n","protected":false},"author":6,"featured_media":858023,"comment_status":"closed","ping_status":"closed","sticky":false,"template":"","format":"standard","meta":{"footnotes":""},"categories":[24671,1169],"tags":[],"vendi":[],"content_country":[],"class_list":["post-875719","post","type-post","status-publish","format-standard","has-post-thumbnail","hentry","category-football","category-sport-fr"],"acf":[],"_links":{"self":[{"href":"https:\/\/www.albinfo.at\/fr\/wp-json\/wp\/v2\/posts\/875719","targetHints":{"allow":["GET"]}}],"collection":[{"href":"https:\/\/www.albinfo.at\/fr\/wp-json\/wp\/v2\/posts"}],"about":[{"href":"https:\/\/www.albinfo.at\/fr\/wp-json\/wp\/v2\/types\/post"}],"author":[{"embeddable":true,"href":"https:\/\/www.albinfo.at\/fr\/wp-json\/wp\/v2\/users\/6"}],"replies":[{"embeddable":true,"href":"https:\/\/www.albinfo.at\/fr\/wp-json\/wp\/v2\/comments?post=875719"}],"version-history":[{"count":1,"href":"https:\/\/www.albinfo.at\/fr\/wp-json\/wp\/v2\/posts\/875719\/revisions"}],"predecessor-version":[{"id":875720,"href":"https:\/\/www.albinfo.at\/fr\/wp-json\/wp\/v2\/posts\/875719\/revisions\/875720"}],"wp:featuredmedia":[{"embeddable":true,"href":"https:\/\/www.albinfo.at\/fr\/wp-json\/wp\/v2\/media\/858023"}],"wp:attachment":[{"href":"https:\/\/www.albinfo.at\/fr\/wp-json\/wp\/v2\/media?parent=875719"}],"wp:term":[{"taxonomy":"category","embeddable":true,"href":"https:\/\/www.albinfo.at\/fr\/wp-json\/wp\/v2\/categories?post=875719"},{"taxonomy":"post_tag","embeddable":true,"href":"https:\/\/www.albinfo.at\/fr\/wp-json\/wp\/v2\/tags?post=875719"},{"taxonomy":"vendi","embeddable":true,"href":"https:\/\/www.albinfo.at\/fr\/wp-json\/wp\/v2\/vendi?post=875719"},{"taxonomy":"content_country","embeddable":true,"href":"https:\/\/www.albinfo.at\/fr\/wp-json\/wp\/v2\/content_country?post=875719"}],"curies":[{"name":"wp","href":"https:\/\/api.w.org\/{rel}","templated":true}]}}