{"id":875674,"date":"2025-11-18T17:35:47","date_gmt":"2025-11-18T16:35:47","guid":{"rendered":"https:\/\/www.albinfo.ch\/?p=875674"},"modified":"2025-11-18T18:44:00","modified_gmt":"2025-11-18T17:44:00","slug":"le-kosovo-et-la-suisse-saffrontent-aujourdhui-plus-quun-simple-match","status":"publish","type":"post","link":"https:\/\/www.albinfo.at\/fr\/le-kosovo-et-la-suisse-saffrontent-aujourdhui-plus-quun-simple-match\/","title":{"rendered":"Le Kosovo et la Suisse s\u2019affrontent aujourd\u2019hui, plus qu\u2019un simple match"},"content":{"rendered":"<p data-start=\"0\" data-end=\"135\">La Suisse et le Kosovo s\u2019affrontent aujourd\u2019hui dans un match qui symbolise bien plus qu\u2019une simple rivalit\u00e9 sportive.<\/p>\n<p data-start=\"137\" data-end=\"310\">Ce duel refl\u00e8te les liens humains, culturels et \u00e9motionnels profond\u00e9ment enracin\u00e9s entre les deux pays, li\u00e9s depuis des d\u00e9cennies par la diaspora et des histoires partag\u00e9es.<\/p>\n<p data-start=\"312\" data-end=\"777\">La Suisse est depuis des ann\u00e9es le foyer de nombreux joueurs d\u2019origine kosovare qui ont apport\u00e9 une dimension particuli\u00e8re au football helv\u00e9tique. Des noms comme Granit Xhaka et Valon Behrami sont devenus partie int\u00e9grante de l\u2019histoire du football suisse, tout en restant fiers de leurs racines. De son c\u00f4t\u00e9, l\u2019\u00e9quipe nationale du Kosovo compte dans ses rangs des joueurs n\u00e9s ou \u00e9lev\u00e9s pr\u00e9cis\u00e9ment en Suisse, un reflet naturel des ponts qui unissent les deux pays.<\/p>\n<p data-start=\"779\" data-end=\"999\">Ce match est un beau rappel de la mani\u00e8re dont le football parvient \u00e0 d\u00e9passer les fronti\u00e8res, en rassemblant les gens au del\u00e0 des identit\u00e9s, des langues et des parcours diff\u00e9rents, \u00e9crit l\u2019Ambassade du Kosovo en Suisse.\/Albinfo.ch<\/p>\n","protected":false},"excerpt":{"rendered":"<p>La Suisse et le Kosovo, un lien qui va au del\u00e0 du terrain<\/p>\n","protected":false},"author":6,"featured_media":875579,"comment_status":"closed","ping_status":"closed","sticky":false,"template":"","format":"standard","meta":{"footnotes":""},"categories":[24630,24671,1169],"tags":[],"vendi":[],"content_country":[],"class_list":["post-875674","post","type-post","status-publish","format-standard","has-post-thumbnail","hentry","category-nouvelles","category-football","category-sport-fr"],"acf":[],"_links":{"self":[{"href":"https:\/\/www.albinfo.at\/fr\/wp-json\/wp\/v2\/posts\/875674","targetHints":{"allow":["GET"]}}],"collection":[{"href":"https:\/\/www.albinfo.at\/fr\/wp-json\/wp\/v2\/posts"}],"about":[{"href":"https:\/\/www.albinfo.at\/fr\/wp-json\/wp\/v2\/types\/post"}],"author":[{"embeddable":true,"href":"https:\/\/www.albinfo.at\/fr\/wp-json\/wp\/v2\/users\/6"}],"replies":[{"embeddable":true,"href":"https:\/\/www.albinfo.at\/fr\/wp-json\/wp\/v2\/comments?post=875674"}],"version-history":[{"count":2,"href":"https:\/\/www.albinfo.at\/fr\/wp-json\/wp\/v2\/posts\/875674\/revisions"}],"predecessor-version":[{"id":875684,"href":"https:\/\/www.albinfo.at\/fr\/wp-json\/wp\/v2\/posts\/875674\/revisions\/875684"}],"wp:featuredmedia":[{"embeddable":true,"href":"https:\/\/www.albinfo.at\/fr\/wp-json\/wp\/v2\/media\/875579"}],"wp:attachment":[{"href":"https:\/\/www.albinfo.at\/fr\/wp-json\/wp\/v2\/media?parent=875674"}],"wp:term":[{"taxonomy":"category","embeddable":true,"href":"https:\/\/www.albinfo.at\/fr\/wp-json\/wp\/v2\/categories?post=875674"},{"taxonomy":"post_tag","embeddable":true,"href":"https:\/\/www.albinfo.at\/fr\/wp-json\/wp\/v2\/tags?post=875674"},{"taxonomy":"vendi","embeddable":true,"href":"https:\/\/www.albinfo.at\/fr\/wp-json\/wp\/v2\/vendi?post=875674"},{"taxonomy":"content_country","embeddable":true,"href":"https:\/\/www.albinfo.at\/fr\/wp-json\/wp\/v2\/content_country?post=875674"}],"curies":[{"name":"wp","href":"https:\/\/api.w.org\/{rel}","templated":true}]}}