{"id":875562,"date":"2025-11-17T21:03:38","date_gmt":"2025-11-17T20:03:38","guid":{"rendered":"https:\/\/www.albinfo.ch\/?p=875562"},"modified":"2025-11-17T23:09:49","modified_gmt":"2025-11-17T22:09:49","slug":"harry-bajraktari-est-honore-de-lordre-de-la-liberte-par-la-presidente-vjosa-osmani","status":"publish","type":"post","link":"https:\/\/www.albinfo.at\/fr\/harry-bajraktari-est-honore-de-lordre-de-la-liberte-par-la-presidente-vjosa-osmani\/","title":{"rendered":"Harry Bajraktari est honor\u00e9 de l\u2019Ordre de la Libert\u00e9 par la Pr\u00e9sidente Vjosa Osmani"},"content":{"rendered":"<p data-start=\"0\" data-end=\"262\">Aujourd\u2019hui, la Pr\u00e9sidente de la R\u00e9publique du Kosovo, Vjosa Osmani, a d\u00e9cor\u00e9 Harry Bajraktari de l\u2019Ordre de la Libert\u00e9, en reconnaissance de sa contribution exceptionnelle \u00e0 la libert\u00e9, \u00e0 l\u2019ind\u00e9pendance et \u00e0 la construction de l\u2019\u00c9tat du Kosovo.<\/p>\n<p data-start=\"264\" data-end=\"638\">La Pr\u00e9sidente Osmani a soulign\u00e9 le r\u00f4le de Bajraktari au cours des derni\u00e8res d\u00e9cennies: &#8221; Depuis plus de trois d\u00e9cennies, M. Bajraktari a \u00e9t\u00e9 l\u2019une des voix les plus fortes du Kosovo aux \u00c9tats Unis. D\u00e8s les premi\u00e8res ann\u00e9es, il a collabor\u00e9 \u00e9troitement avec le Pr\u00e9sident historique Ibrahim Rugova et a repr\u00e9sent\u00e9 la cause du Kosovo durant une p\u00e9riode extr\u00eamement sensible. &#8220;<\/p>\n<p data-start=\"640\" data-end=\"997\">La Pr\u00e9sidente Osmani a \u00e9galement rappel\u00e9 son engagement pour l\u2019Arm\u00e9e de Lib\u00e9ration du Kosovo et pour la communaut\u00e9 albano am\u00e9ricaine:\u00a0 &#8221; Il a construit des ponts importants de coop\u00e9ration avec la Maison Blanche, le Congr\u00e8s am\u00e9ricain et d\u2019autres dirigeants aux \u00c9tats Unis, soutenant le Kosovo dans les moments d\u00e9cisifs et restant aux c\u00f4t\u00e9s de notre peuple. &#8220;<\/p>\n<p data-start=\"999\" data-end=\"1110\">Harry Bajraktari s\u2019est dit reconnaissant pour cette distinction et pour son engagement continu envers son pays.<\/p>\n","protected":false},"excerpt":{"rendered":"<p>Aujourd\u2019hui, la Pr\u00e9sidente de la R\u00e9publique du Kosovo, Vjosa Osmani, a d\u00e9cor\u00e9 Harry Bajraktari de l\u2019Ordre de la Libert\u00e9, en reconnaissance de sa contribution exceptionnelle \u00e0 la libert\u00e9, \u00e0 l\u2019ind\u00e9pendance et \u00e0 la construction de l\u2019\u00c9tat du Kosovo. La Pr\u00e9sidente Osmani a soulign\u00e9 le r\u00f4le de Bajraktari au cours des derni\u00e8res d\u00e9cennies: &#8221; Depuis plus [&hellip;]<\/p>\n","protected":false},"author":6,"featured_media":875532,"comment_status":"closed","ping_status":"closed","sticky":false,"template":"","format":"standard","meta":{"footnotes":""},"categories":[33083,23271,24637,1160,23277,23270,24620,24634,1159,1163],"tags":[],"vendi":[],"content_country":[],"class_list":["post-875562","post","type-post","status-publish","format-standard","has-post-thumbnail","hentry","category-de-balkani-fr","category-kosovo","category-nouvelles-fr-4","category-actuel","category-news-fr","category-at-balkani-fr","category-kosova-fr-2","category-nouvelles-fr-3","category-ch-balkans","category-fr-e-diaspora"],"acf":[],"_links":{"self":[{"href":"https:\/\/www.albinfo.at\/fr\/wp-json\/wp\/v2\/posts\/875562","targetHints":{"allow":["GET"]}}],"collection":[{"href":"https:\/\/www.albinfo.at\/fr\/wp-json\/wp\/v2\/posts"}],"about":[{"href":"https:\/\/www.albinfo.at\/fr\/wp-json\/wp\/v2\/types\/post"}],"author":[{"embeddable":true,"href":"https:\/\/www.albinfo.at\/fr\/wp-json\/wp\/v2\/users\/6"}],"replies":[{"embeddable":true,"href":"https:\/\/www.albinfo.at\/fr\/wp-json\/wp\/v2\/comments?post=875562"}],"version-history":[{"count":1,"href":"https:\/\/www.albinfo.at\/fr\/wp-json\/wp\/v2\/posts\/875562\/revisions"}],"predecessor-version":[{"id":875563,"href":"https:\/\/www.albinfo.at\/fr\/wp-json\/wp\/v2\/posts\/875562\/revisions\/875563"}],"wp:featuredmedia":[{"embeddable":true,"href":"https:\/\/www.albinfo.at\/fr\/wp-json\/wp\/v2\/media\/875532"}],"wp:attachment":[{"href":"https:\/\/www.albinfo.at\/fr\/wp-json\/wp\/v2\/media?parent=875562"}],"wp:term":[{"taxonomy":"category","embeddable":true,"href":"https:\/\/www.albinfo.at\/fr\/wp-json\/wp\/v2\/categories?post=875562"},{"taxonomy":"post_tag","embeddable":true,"href":"https:\/\/www.albinfo.at\/fr\/wp-json\/wp\/v2\/tags?post=875562"},{"taxonomy":"vendi","embeddable":true,"href":"https:\/\/www.albinfo.at\/fr\/wp-json\/wp\/v2\/vendi?post=875562"},{"taxonomy":"content_country","embeddable":true,"href":"https:\/\/www.albinfo.at\/fr\/wp-json\/wp\/v2\/content_country?post=875562"}],"curies":[{"name":"wp","href":"https:\/\/api.w.org\/{rel}","templated":true}]}}