{"id":875508,"date":"2025-11-17T18:53:49","date_gmt":"2025-11-17T17:53:49","guid":{"rendered":"https:\/\/www.albinfo.ch\/?p=875508"},"modified":"2025-11-17T18:55:01","modified_gmt":"2025-11-17T17:55:01","slug":"lalbanie-parmi-les-douze-meilleures-destinations-europeennes-pour-les-vacances-dete-2026","status":"publish","type":"post","link":"https:\/\/www.albinfo.at\/fr\/lalbanie-parmi-les-douze-meilleures-destinations-europeennes-pour-les-vacances-dete-2026\/","title":{"rendered":"L\u2019Albanie parmi les douze meilleures destinations europ\u00e9ennes pour les vacances d\u2019\u00e9t\u00e9 2026"},"content":{"rendered":"<p data-start=\"0\" data-end=\"185\">L\u2019\u00e9t\u00e9 est sans aucun doute l\u2019une des meilleures saisons pour des vacances \u00e0 la plage, \u00e9crit Francesca Ferri dans un article publi\u00e9 dans le quotidien italien Wom Travel.<\/p>\n<p data-start=\"187\" data-end=\"380\">En juillet, les journ\u00e9es sont longues et ensoleill\u00e9es, les temp\u00e9ratures invitent \u00e0 plonger dans des eaux chaudes et les destinations touristiques sont anim\u00e9es sans \u00eatre envahies par les foules.<\/p>\n<p data-start=\"382\" data-end=\"489\">Cet \u00e9quilibre parfait en fait le moment id\u00e9al pour d\u00e9couvrir les perles de la M\u00e9diterran\u00e9e et bien au del\u00e0.<\/p>\n<p data-start=\"491\" data-end=\"728\">Si vous choisissez de voyager en juillet, notamment dans la premi\u00e8re moiti\u00e9 du mois, vous pourrez profiter des plages les plus splendides, avec des eaux cristallines et souvent \u00e0 des prix plus abordables, \u00e9crit ATSH, rapporte albinfo.ch.<\/p>\n<p data-start=\"730\" data-end=\"878\">Que vous recherchiez le calme, l\u2019aventure, une vie nocturne anim\u00e9e ou une escapade romantique, il existe une destination parfaite pour chaque envie.<\/p>\n<p data-start=\"880\" data-end=\"1013\">Des \u00eeles les plus sauvages et pr\u00e9serv\u00e9es aux c\u00f4tes les plus festives et s\u00e9duisantes, l\u2019Europe offre une incroyable vari\u00e9t\u00e9 d\u2019options.<\/p>\n<p data-start=\"1015\" data-end=\"1144\">Nous vous recommandons les meilleures destinations baln\u00e9aires en Italie et en Europe pour 2026, afin de vivre un \u00e9t\u00e9 inoubliable.<\/p>\n<p data-start=\"1146\" data-end=\"1302\">Le magazine italien de voyages Wom Travel a class\u00e9 la Riviera albanaise parmi les douze meilleures destinations europ\u00e9ennes pour des vacances d\u2019\u00e9t\u00e9 en 2026.<\/p>\n<p data-start=\"1304\" data-end=\"1330\">Riviera albanaise, Albanie<\/p>\n<p data-start=\"1332\" data-end=\"1507\">Pour les voyageurs en qu\u00eate d\u2019une destination nouvelle, avec une mer aux couleurs des Cara\u00efbes et des prix tr\u00e8s comp\u00e9titifs, la Riviera albanaise reste une v\u00e9ritable surprise.<\/p>\n<p data-start=\"1509\" data-end=\"1729\">Cette partie du littoral au sud de l\u2019Albanie, face \u00e0 la mer Ionienne, offre des plages et des paysages qui rivalisent avec ceux de la Gr\u00e8ce voisine, mais avec une atmosph\u00e8re plus authentique et beaucoup moins fr\u00e9quent\u00e9e.<\/p>\n<p data-start=\"1731\" data-end=\"1847\">Juillet est le mois id\u00e9al pour explorer la c\u00f4te albanaise, avec un climat chaud et de longues journ\u00e9es ensoleill\u00e9es.<\/p>\n<p data-start=\"1849\" data-end=\"2098\">Les principaux points d\u2019int\u00e9r\u00eat sont Saranda, la ville la plus anim\u00e9e et touristique, et Ksamil, c\u00e9l\u00e8bre pour ses eaux cristallines et ses \u00eelots accessibles \u00e0 la nage ou en bateau, consid\u00e9r\u00e9s par les experts du voyage comme les Maldives de l\u2019Europe.<\/p>\n<p data-start=\"2100\" data-end=\"2281\">Le long de la route c\u00f4ti\u00e8re qui descend du col de Llogara, vous trouverez des plages magnifiques comme Dh\u00ebrmi, Jala et Himara, souvent nich\u00e9es dans des criques entour\u00e9es de verdure.<\/p>\n<p data-start=\"2283\" data-end=\"2498\">Au del\u00e0 de la mer, la r\u00e9gion compte des sites arch\u00e9ologiques tels que Butrint, class\u00e9 au patrimoine mondial de l\u2019UNESCO, ainsi que le charme d\u2019une destination en pleine \u00e9volution qui a su pr\u00e9server son authenticit\u00e9.<\/p>\n<p data-start=\"2500\" data-end=\"2595\">L\u2019Albanie est le choix id\u00e9al pour des vacances \u00e0 la plage \u00e0 faible co\u00fbt mais de grande qualit\u00e9.<\/p>\n<p data-start=\"2597\" data-end=\"2933\">1 Riviera albanaise, Albanie<br data-start=\"2625\" data-end=\"2628\" \/>2 Lampedusa, Sicile, Italie<br data-start=\"2655\" data-end=\"2658\" \/>3 Favignana, Sicile, Italie<br data-start=\"2685\" data-end=\"2688\" \/>4 \u00celes \u00c9oliennes, Sicile, Italie<br data-start=\"2720\" data-end=\"2723\" \/>5 Archipel de La Maddalena, Sardaigne<br data-start=\"2760\" data-end=\"2763\" \/>6 \u00celes Bal\u00e9ares, Espagne<br data-start=\"2787\" data-end=\"2790\" \/>7 Corse, France<br data-start=\"2805\" data-end=\"2808\" \/>8 Nice et la Riviera fran\u00e7aise, France<br data-start=\"2846\" data-end=\"2849\" \/>9 Mykonos, Gr\u00e8ce<br data-start=\"2865\" data-end=\"2868\" \/>10 Mont\u00e9n\u00e9gro<br data-start=\"2881\" data-end=\"2884\" \/>11 C\u00f4te Turquoise, Turquie<br data-start=\"2910\" data-end=\"2913\" \/>12 Algarve, Portugal<\/p>\n","protected":false},"excerpt":{"rendered":"<p>Le magazine italien de voyages Wom Travel a class\u00e9 la Riviera albanaise parmi les douze meilleures destinations europ\u00e9ennes pour des vacances d\u2019\u00e9t\u00e9 en 2026<\/p>\n","protected":false},"author":6,"featured_media":453247,"comment_status":"closed","ping_status":"closed","sticky":false,"template":"","format":"standard","meta":{"footnotes":""},"categories":[34934,1159],"tags":[],"vendi":[],"content_country":[],"class_list":["post-875508","post","type-post","status-publish","format-standard","has-post-thumbnail","hentry","category-shqiperia-4","category-ch-balkans"],"acf":[],"_links":{"self":[{"href":"https:\/\/www.albinfo.at\/fr\/wp-json\/wp\/v2\/posts\/875508","targetHints":{"allow":["GET"]}}],"collection":[{"href":"https:\/\/www.albinfo.at\/fr\/wp-json\/wp\/v2\/posts"}],"about":[{"href":"https:\/\/www.albinfo.at\/fr\/wp-json\/wp\/v2\/types\/post"}],"author":[{"embeddable":true,"href":"https:\/\/www.albinfo.at\/fr\/wp-json\/wp\/v2\/users\/6"}],"replies":[{"embeddable":true,"href":"https:\/\/www.albinfo.at\/fr\/wp-json\/wp\/v2\/comments?post=875508"}],"version-history":[{"count":1,"href":"https:\/\/www.albinfo.at\/fr\/wp-json\/wp\/v2\/posts\/875508\/revisions"}],"predecessor-version":[{"id":875509,"href":"https:\/\/www.albinfo.at\/fr\/wp-json\/wp\/v2\/posts\/875508\/revisions\/875509"}],"wp:featuredmedia":[{"embeddable":true,"href":"https:\/\/www.albinfo.at\/fr\/wp-json\/wp\/v2\/media\/453247"}],"wp:attachment":[{"href":"https:\/\/www.albinfo.at\/fr\/wp-json\/wp\/v2\/media?parent=875508"}],"wp:term":[{"taxonomy":"category","embeddable":true,"href":"https:\/\/www.albinfo.at\/fr\/wp-json\/wp\/v2\/categories?post=875508"},{"taxonomy":"post_tag","embeddable":true,"href":"https:\/\/www.albinfo.at\/fr\/wp-json\/wp\/v2\/tags?post=875508"},{"taxonomy":"vendi","embeddable":true,"href":"https:\/\/www.albinfo.at\/fr\/wp-json\/wp\/v2\/vendi?post=875508"},{"taxonomy":"content_country","embeddable":true,"href":"https:\/\/www.albinfo.at\/fr\/wp-json\/wp\/v2\/content_country?post=875508"}],"curies":[{"name":"wp","href":"https:\/\/api.w.org\/{rel}","templated":true}]}}