{"id":875499,"date":"2025-11-17T18:42:32","date_gmt":"2025-11-17T17:42:32","guid":{"rendered":"https:\/\/www.albinfo.ch\/?p=875499"},"modified":"2025-11-17T18:42:50","modified_gmt":"2025-11-17T17:42:50","slug":"albian-hajdari-repond-a-granit-xhaka-sur-les-raisons-pour-lesquelles-il-a-choisi-le-kosovo-avant-la-suisse","status":"publish","type":"post","link":"https:\/\/www.albinfo.at\/fr\/albian-hajdari-repond-a-granit-xhaka-sur-les-raisons-pour-lesquelles-il-a-choisi-le-kosovo-avant-la-suisse\/","title":{"rendered":"Albian Hajdari r\u00e9pond \u00e0 Granit Xhaka sur les raisons pour lesquelles il a choisi le Kosovo avant la Suisse"},"content":{"rendered":"<p data-start=\"0\" data-end=\"238\">Le d\u00e9fenseur du Kosovo, Albian Hajdari, lors de la conf\u00e9rence de presse avant le match d\u00e9cisif contre la Suisse, a parl\u00e9 de la forme de l\u2019\u00e9quipe, des objectifs et de ses raisons pour avoir choisi de repr\u00e9senter le Kosovo.<\/p>\n<p data-start=\"240\" data-end=\"347\">Selon lui, le Kosovo traverse un bon moment et l\u2019\u00e9quipe vise \u00e0 conclure ce cycle avec le maximum de points.<\/p>\n<p data-start=\"349\" data-end=\"943\">&#8220;Je pense que chaque match est important comme tous les autres et il est clair que nous sommes actuellement dans une tr\u00e8s bonne s\u00e9rie puisque nous n\u2019avons perdu que contre la Suisse lors du premier match. Sinon, nous avons soit gagn\u00e9, soit pris un point. Contre la Suisse, nous donnerons le maximum, nous entrerons pour le maximum et nous entrerons pour remporter les trois points, car lors du dernier match nous avons \u00e9crit l\u2019histoire, mais nous voulons \u00e9crire l\u2019histoire aussi avec des points, atteindre le maximum et nous allons pour les trois points&#8221; , a t il d\u00e9clar\u00e9, rapporte albinfo.ch.<\/p>\n<p data-start=\"945\" data-end=\"1077\">Hajdari a \u00e9galement comment\u00e9 les d\u00e9clarations de Granit Xhaka en soulignant que sa d\u00e9cision pour le Kosovo a \u00e9t\u00e9 r\u00e9fl\u00e9chie et juste.<\/p>\n<p data-start=\"1079\" data-end=\"1606\">&#8221; Je pense que Leoni et moi avons pris la d\u00e9cision pour le Kosovo il y a quelque temps et comme je l\u2019ai d\u00e9j\u00e0 dit, nous avons d\u00e9cid\u00e9 avec les personnes les plus proches. C\u2019est avec elles que nous avons discut\u00e9 et \u00e0 la fin ce que disent les autres reste leur avis. Je n\u2019ai aucun probl\u00e8me avec ce qu\u2019a dit Granit, c\u2019est son opinion, je le respecte ainsi que sa carri\u00e8re et je lui souhaite plein de succ\u00e8s &#8220;, a affirm\u00e9 Hajdari, ajoutant que chaque joueur a ses propres raisons pour les choix qu\u2019il fait, en faveur du Kosovo ou non.<\/p>\n<p data-start=\"1608\" data-end=\"1879\">&#8221; Je pense que chaque joueur a eu son avis ou sa d\u00e9cision, que ce soit pour le Kosovo ou contre le Kosovo. Ceux qui ont choisi le Kosovo, nous les rejoignons et ceux qui n\u2019ont pas fait ce choix, je leur souhaite simplement sant\u00e9 et tout le meilleur &#8220;, a soulign\u00e9 Hajdari.<\/p>\n<p data-start=\"1881\" data-end=\"2100\">Interrog\u00e9 \u00e0 la fin sur sa d\u00e9cision de choisir le Kosovo et s\u2019il avait subi une pression de la F\u00e9d\u00e9ration suisse de football, Hajdari n\u2019a pas souhait\u00e9 commenter, d\u00e9clarant qu\u2019il avait d\u00e9j\u00e0 suffisamment parl\u00e9 de ce sujet.<\/p>\n","protected":false},"excerpt":{"rendered":"<p>Le d\u00e9fenseur du Kosovo, Albian Hajdari, lors de la conf\u00e9rence de presse avant le match d\u00e9cisif contre la Suisse, a parl\u00e9 de la forme de l\u2019\u00e9quipe, des objectifs et de ses raisons pour avoir choisi de repr\u00e9senter le Kosovo. Selon lui, le Kosovo traverse un bon moment et l\u2019\u00e9quipe vise \u00e0 conclure ce cycle avec [&hellip;]<\/p>\n","protected":false},"author":6,"featured_media":873286,"comment_status":"closed","ping_status":"closed","sticky":false,"template":"","format":"standard","meta":{"footnotes":""},"categories":[34929,24630,1169],"tags":[],"vendi":[],"content_country":[],"class_list":["post-875499","post","type-post","status-publish","format-standard","has-post-thumbnail","hentry","category-futboll-3","category-nouvelles","category-sport-fr"],"acf":[],"_links":{"self":[{"href":"https:\/\/www.albinfo.at\/fr\/wp-json\/wp\/v2\/posts\/875499","targetHints":{"allow":["GET"]}}],"collection":[{"href":"https:\/\/www.albinfo.at\/fr\/wp-json\/wp\/v2\/posts"}],"about":[{"href":"https:\/\/www.albinfo.at\/fr\/wp-json\/wp\/v2\/types\/post"}],"author":[{"embeddable":true,"href":"https:\/\/www.albinfo.at\/fr\/wp-json\/wp\/v2\/users\/6"}],"replies":[{"embeddable":true,"href":"https:\/\/www.albinfo.at\/fr\/wp-json\/wp\/v2\/comments?post=875499"}],"version-history":[{"count":1,"href":"https:\/\/www.albinfo.at\/fr\/wp-json\/wp\/v2\/posts\/875499\/revisions"}],"predecessor-version":[{"id":875500,"href":"https:\/\/www.albinfo.at\/fr\/wp-json\/wp\/v2\/posts\/875499\/revisions\/875500"}],"wp:featuredmedia":[{"embeddable":true,"href":"https:\/\/www.albinfo.at\/fr\/wp-json\/wp\/v2\/media\/873286"}],"wp:attachment":[{"href":"https:\/\/www.albinfo.at\/fr\/wp-json\/wp\/v2\/media?parent=875499"}],"wp:term":[{"taxonomy":"category","embeddable":true,"href":"https:\/\/www.albinfo.at\/fr\/wp-json\/wp\/v2\/categories?post=875499"},{"taxonomy":"post_tag","embeddable":true,"href":"https:\/\/www.albinfo.at\/fr\/wp-json\/wp\/v2\/tags?post=875499"},{"taxonomy":"vendi","embeddable":true,"href":"https:\/\/www.albinfo.at\/fr\/wp-json\/wp\/v2\/vendi?post=875499"},{"taxonomy":"content_country","embeddable":true,"href":"https:\/\/www.albinfo.at\/fr\/wp-json\/wp\/v2\/content_country?post=875499"}],"curies":[{"name":"wp","href":"https:\/\/api.w.org\/{rel}","templated":true}]}}