{"id":875230,"date":"2025-11-16T18:06:30","date_gmt":"2025-11-16T17:06:30","guid":{"rendered":"https:\/\/www.albinfo.ch\/?p=875230"},"modified":"2025-11-16T21:10:39","modified_gmt":"2025-11-16T20:10:39","slug":"yakin-nous-attendons-un-match-difficile-a-prishtina","status":"publish","type":"post","link":"https:\/\/www.albinfo.at\/fr\/yakin-nous-attendons-un-match-difficile-a-prishtina\/","title":{"rendered":"Yakin: Nous attendons un match difficile \u00e0 Prishtina"},"content":{"rendered":"<p data-start=\"16\" data-end=\"163\">La Suisse se pr\u00e9pare pour une nouvelle participation \u00e0 la Coupe du monde, mais le billet pour le Mondial 2026 doit \u00eatre confirm\u00e9 mardi \u00e0 Prishtina.<\/p>\n<p data-start=\"165\" data-end=\"253\">Le Kosovo a besoin d\u2019une victoire 6 \u00e0 0 contre la Suisse pour la d\u00e9passer au classement.<\/p>\n<p data-start=\"255\" data-end=\"291\">Un tel r\u00e9sultat semble peu probable.<\/p>\n<p data-start=\"293\" data-end=\"843\">&#8221; Lorsqu\u2019une \u00e9quipe comme le Kosovo obtient autant de points, c\u2019est absolument m\u00e9rit\u00e9. Au Kosovo, ils ont fait du bon travail ces derni\u00e8res ann\u00e9es. C\u2019est dommage, bien s\u00fbr, que nous n\u2019ayons pas assur\u00e9 la qualification ce soir. Nous avons une \u00e9quipe solide. Nous nous attendons \u00e0 un match difficile contre le Kosovo. Mais nous ne nous concentrerons pas uniquement sur la d\u00e9fense. Nous allons profiter de cette victoire puis travailler pour prendre les trois points au Kosovo &#8220;, a d\u00e9clar\u00e9 le s\u00e9lectionneur suisse Murat Yakin apr\u00e8s fitoren ndaj Suedis\u00eb.\/Albinfo.ch.<\/p>\n","protected":false},"excerpt":{"rendered":"<p>&#8221; Au Kosovo, ils ont fait du bon travail ces derni\u00e8res ann\u00e9es. Nous nous attendons \u00e0 un match difficile contre le Kosovo &#8220;, a d\u00e9clar\u00e9 Murat Yakin.<\/p>\n","protected":false},"author":6,"featured_media":857586,"comment_status":"closed","ping_status":"closed","sticky":false,"template":"","format":"standard","meta":{"footnotes":""},"categories":[24671,1169],"tags":[],"vendi":[],"content_country":[],"class_list":["post-875230","post","type-post","status-publish","format-standard","has-post-thumbnail","hentry","category-football","category-sport-fr"],"acf":[],"_links":{"self":[{"href":"https:\/\/www.albinfo.at\/fr\/wp-json\/wp\/v2\/posts\/875230","targetHints":{"allow":["GET"]}}],"collection":[{"href":"https:\/\/www.albinfo.at\/fr\/wp-json\/wp\/v2\/posts"}],"about":[{"href":"https:\/\/www.albinfo.at\/fr\/wp-json\/wp\/v2\/types\/post"}],"author":[{"embeddable":true,"href":"https:\/\/www.albinfo.at\/fr\/wp-json\/wp\/v2\/users\/6"}],"replies":[{"embeddable":true,"href":"https:\/\/www.albinfo.at\/fr\/wp-json\/wp\/v2\/comments?post=875230"}],"version-history":[{"count":1,"href":"https:\/\/www.albinfo.at\/fr\/wp-json\/wp\/v2\/posts\/875230\/revisions"}],"predecessor-version":[{"id":875233,"href":"https:\/\/www.albinfo.at\/fr\/wp-json\/wp\/v2\/posts\/875230\/revisions\/875233"}],"wp:featuredmedia":[{"embeddable":true,"href":"https:\/\/www.albinfo.at\/fr\/wp-json\/wp\/v2\/media\/857586"}],"wp:attachment":[{"href":"https:\/\/www.albinfo.at\/fr\/wp-json\/wp\/v2\/media?parent=875230"}],"wp:term":[{"taxonomy":"category","embeddable":true,"href":"https:\/\/www.albinfo.at\/fr\/wp-json\/wp\/v2\/categories?post=875230"},{"taxonomy":"post_tag","embeddable":true,"href":"https:\/\/www.albinfo.at\/fr\/wp-json\/wp\/v2\/tags?post=875230"},{"taxonomy":"vendi","embeddable":true,"href":"https:\/\/www.albinfo.at\/fr\/wp-json\/wp\/v2\/vendi?post=875230"},{"taxonomy":"content_country","embeddable":true,"href":"https:\/\/www.albinfo.at\/fr\/wp-json\/wp\/v2\/content_country?post=875230"}],"curies":[{"name":"wp","href":"https:\/\/api.w.org\/{rel}","templated":true}]}}