{"id":875000,"date":"2025-11-15T17:23:23","date_gmt":"2025-11-15T16:23:23","guid":{"rendered":"https:\/\/www.albinfo.ch\/?p=875000"},"modified":"2025-11-15T20:29:27","modified_gmt":"2025-11-15T19:29:27","slug":"shaqiri-ravive-lhistoire-du-mondial-2018-nous-avons-ete-fortement-provoques","status":"publish","type":"post","link":"https:\/\/www.albinfo.at\/fr\/shaqiri-ravive-lhistoire-du-mondial-2018-nous-avons-ete-fortement-provoques\/","title":{"rendered":"Shaqiri ravive l\u2019histoire du Mondial 2018: Nous avons \u00e9t\u00e9 fortement provoqu\u00e9s"},"content":{"rendered":"<p data-start=\"16\" data-end=\"392\">Xherdan Shaqiri, l\u2019un des footballeurs les plus marquants de l\u2019histoire de la Suisse, a raviv\u00e9 l\u2019attention autour de la c\u00e9l\u00e9bration embl\u00e9matique de l\u2019aigle bic\u00e9phale lors de la Coupe du monde 2018, apr\u00e8s son but contre la Serbie. Dans le m\u00eame match, Granit Xhaka avait f\u00eat\u00e9 de mani\u00e8re similaire, un geste largement comment\u00e9 dans les m\u00e9dias internationaux, rapporte albinfo.ch.<\/p>\n<p data-start=\"394\" data-end=\"621\">Invit\u00e9 dans l\u2019\u00e9mission Gredig direkt sur la t\u00e9l\u00e9vision suisse SRF, Shaqiri a expliqu\u00e9 que lui et sa famille kishin \u00e9t\u00e9 la cible de provocations constantes de la part de supporters serbes durant les jours pr\u00e9c\u00e9dant la rencontre.<\/p>\n<p data-start=\"623\" data-end=\"893\">&#8221; Beaucoup de choses ont \u00e9t\u00e9 \u00e9crites \u00e0 l\u2019\u00e9poque. Nos familles et nous-m\u00eames avons \u00e9t\u00e9 extr\u00eamement provoqu\u00e9s, en particulier sur les r\u00e9seaux sociaux. Cela nous a donn\u00e9 une motivation tr\u00e8s forte pour gagner. Au final, seule la victoire sportive comptait &#8220;, a-t-il d\u00e9clar\u00e9.<\/p>\n<p data-start=\"895\" data-end=\"1158\">Shaqiri, originaire de Zhegra pr\u00e8s de Gjilan, a disput\u00e9 cent vingt-cinq matchs pour la Suisse, devenant l\u2019une des figures essentielles de la Nati. Il a \u00e9galement parl\u00e9 de son avenir, de la possibilit\u00e9 d\u2019un retour \u00e0 B\u00e2le et de ses liens \u00e9motionnels avec le Kosovo.<\/p>\n<p data-start=\"1160\" data-end=\"1299\">Le duel Suisse\u2013Kosovo, qui pourrait \u00eatre d\u00e9cisif pour les qualifications au Mondial, devrait avoir une signification particuli\u00e8re pour lui.<\/p>\n<p data-start=\"1301\" data-end=\"1416\">&#8221; Bien s\u00fbr, je suis pour les deux, pour le Kosovo et pour la Suisse. Mais je soutiendrai la Nati &#8220;, a-t-il affirm\u00e9.<\/p>\n<p data-start=\"1418\" data-end=\"1602\">Shaqiri a ajout\u00e9 que la Suisse a beaucoup b\u00e9n\u00e9fici\u00e9 de la diversit\u00e9 au sein de son \u00e9quipe nationale, soulignant que tous les Suisses n\u2019ont pas le m\u00eame esprit combatif que les Kosovars.<\/p>\n","protected":false},"excerpt":{"rendered":"<p>Shaqiri se confie six ans plus tard: La c\u00e9l\u00e9bration avec l\u2019aigle et les provocations avant le match Suisse\u2013Serbie<\/p>\n","protected":false},"author":6,"featured_media":754621,"comment_status":"closed","ping_status":"closed","sticky":false,"template":"","format":"standard","meta":{"footnotes":""},"categories":[24630,24671,1169],"tags":[],"vendi":[],"content_country":[],"class_list":["post-875000","post","type-post","status-publish","format-standard","has-post-thumbnail","hentry","category-nouvelles","category-football","category-sport-fr"],"acf":[],"_links":{"self":[{"href":"https:\/\/www.albinfo.at\/fr\/wp-json\/wp\/v2\/posts\/875000","targetHints":{"allow":["GET"]}}],"collection":[{"href":"https:\/\/www.albinfo.at\/fr\/wp-json\/wp\/v2\/posts"}],"about":[{"href":"https:\/\/www.albinfo.at\/fr\/wp-json\/wp\/v2\/types\/post"}],"author":[{"embeddable":true,"href":"https:\/\/www.albinfo.at\/fr\/wp-json\/wp\/v2\/users\/6"}],"replies":[{"embeddable":true,"href":"https:\/\/www.albinfo.at\/fr\/wp-json\/wp\/v2\/comments?post=875000"}],"version-history":[{"count":1,"href":"https:\/\/www.albinfo.at\/fr\/wp-json\/wp\/v2\/posts\/875000\/revisions"}],"predecessor-version":[{"id":875001,"href":"https:\/\/www.albinfo.at\/fr\/wp-json\/wp\/v2\/posts\/875000\/revisions\/875001"}],"wp:featuredmedia":[{"embeddable":true,"href":"https:\/\/www.albinfo.at\/fr\/wp-json\/wp\/v2\/media\/754621"}],"wp:attachment":[{"href":"https:\/\/www.albinfo.at\/fr\/wp-json\/wp\/v2\/media?parent=875000"}],"wp:term":[{"taxonomy":"category","embeddable":true,"href":"https:\/\/www.albinfo.at\/fr\/wp-json\/wp\/v2\/categories?post=875000"},{"taxonomy":"post_tag","embeddable":true,"href":"https:\/\/www.albinfo.at\/fr\/wp-json\/wp\/v2\/tags?post=875000"},{"taxonomy":"vendi","embeddable":true,"href":"https:\/\/www.albinfo.at\/fr\/wp-json\/wp\/v2\/vendi?post=875000"},{"taxonomy":"content_country","embeddable":true,"href":"https:\/\/www.albinfo.at\/fr\/wp-json\/wp\/v2\/content_country?post=875000"}],"curies":[{"name":"wp","href":"https:\/\/api.w.org\/{rel}","templated":true}]}}