{"id":874858,"date":"2025-11-14T20:25:44","date_gmt":"2025-11-14T19:25:44","guid":{"rendered":"https:\/\/www.albinfo.ch\/?p=874858"},"modified":"2025-11-14T23:30:30","modified_gmt":"2025-11-14T22:30:30","slug":"metihe-mehmeti-est-nommee-directrice-generale-des-impots-du-canton-de-vaud","status":"publish","type":"post","link":"https:\/\/www.albinfo.at\/fr\/metihe-mehmeti-est-nommee-directrice-generale-des-impots-du-canton-de-vaud\/","title":{"rendered":"Metihe Mehmeti est nomm\u00e9e Directrice g\u00e9n\u00e9rale des imp\u00f4ts du Canton de Vaud"},"content":{"rendered":"<p data-start=\"16\" data-end=\"176\">\u00c0 partir du 1er mars de l\u2019ann\u00e9e prochaine, Metihe Mehmeti, \u00e2g\u00e9e de quarante-deux ans, prendra ses fonctions de Directrice g\u00e9n\u00e9rale des imp\u00f4ts du Canton de Vaud.<\/p>\n<p data-start=\"178\" data-end=\"516\">Actuellement Secr\u00e9taire g\u00e9n\u00e9rale adjointe de l\u2019Autorit\u00e9 judiciaire du canton de Gen\u00e8ve, Mehmeti poss\u00e8de plus de quinze ans d\u2019exp\u00e9rience dans la fiscalit\u00e9, la gestion strat\u00e9gique et la gouvernance publique. Elle a auparavant exerc\u00e9 pendant plus de cinq ans comme Directrice des audits fiscaux au sein de l\u2019administration fiscale genevoise.<\/p>\n<p data-start=\"518\" data-end=\"863\">Elle avait obtenu ce poste apr\u00e8s plus de quatre ann\u00e9es dans une fonction de direction au Service de l\u2019\u00e9change d\u2019informations fiscales du D\u00e9partement f\u00e9d\u00e9ral des finances \u00e0 Berne. Elle a \u00e9galement travaill\u00e9 comme sp\u00e9cialiste en fiscalit\u00e9 dans un grand cabinet juridique, indique la communication officielle de l\u2019\u00c9tat de Vaud, rapporte albinfo.ch.<\/p>\n<p data-start=\"865\" data-end=\"1323\">Avec une double formation acad\u00e9mique, Metihe Mehmeti d\u00e9tient un Master en droit \u00e9conomique, un Bachelor en droit et un Bachelor en gestion d\u2019entreprise (HEC), tous obtenus \u00e0 l\u2019Universit\u00e9 de Gen\u00e8ve. Le Conseil d\u2019\u00c9tat a \u00e9t\u00e9 impressionn\u00e9 par son parcours professionnel ainsi que par sa connaissance approfondie des institutions, de la fiscalit\u00e9 et du management. Il est pr\u00e9cis\u00e9 que sa candidature a \u00e9t\u00e9 retenue \u00e0 l\u2019issue d\u2019un processus rigoureux de recrutement.<\/p>\n","protected":false},"excerpt":{"rendered":"<p>Actuellement Secr\u00e9taire g\u00e9n\u00e9rale adjointe de l\u2019Autorit\u00e9 judiciaire du canton de Gen\u00e8ve, Mehmeti compte plus de quinze ans d\u2019exp\u00e9rience dans le domaine fiscal, la gestion strat\u00e9gique et la gouvernance publique.<\/p>\n","protected":false},"author":6,"featured_media":874740,"comment_status":"closed","ping_status":"closed","sticky":false,"template":"","format":"standard","meta":{"footnotes":""},"categories":[24637,1163],"tags":[],"vendi":[],"content_country":[],"class_list":["post-874858","post","type-post","status-publish","format-standard","has-post-thumbnail","hentry","category-nouvelles-fr-4","category-fr-e-diaspora"],"acf":[],"_links":{"self":[{"href":"https:\/\/www.albinfo.at\/fr\/wp-json\/wp\/v2\/posts\/874858","targetHints":{"allow":["GET"]}}],"collection":[{"href":"https:\/\/www.albinfo.at\/fr\/wp-json\/wp\/v2\/posts"}],"about":[{"href":"https:\/\/www.albinfo.at\/fr\/wp-json\/wp\/v2\/types\/post"}],"author":[{"embeddable":true,"href":"https:\/\/www.albinfo.at\/fr\/wp-json\/wp\/v2\/users\/6"}],"replies":[{"embeddable":true,"href":"https:\/\/www.albinfo.at\/fr\/wp-json\/wp\/v2\/comments?post=874858"}],"version-history":[{"count":1,"href":"https:\/\/www.albinfo.at\/fr\/wp-json\/wp\/v2\/posts\/874858\/revisions"}],"predecessor-version":[{"id":874859,"href":"https:\/\/www.albinfo.at\/fr\/wp-json\/wp\/v2\/posts\/874858\/revisions\/874859"}],"wp:featuredmedia":[{"embeddable":true,"href":"https:\/\/www.albinfo.at\/fr\/wp-json\/wp\/v2\/media\/874740"}],"wp:attachment":[{"href":"https:\/\/www.albinfo.at\/fr\/wp-json\/wp\/v2\/media?parent=874858"}],"wp:term":[{"taxonomy":"category","embeddable":true,"href":"https:\/\/www.albinfo.at\/fr\/wp-json\/wp\/v2\/categories?post=874858"},{"taxonomy":"post_tag","embeddable":true,"href":"https:\/\/www.albinfo.at\/fr\/wp-json\/wp\/v2\/tags?post=874858"},{"taxonomy":"vendi","embeddable":true,"href":"https:\/\/www.albinfo.at\/fr\/wp-json\/wp\/v2\/vendi?post=874858"},{"taxonomy":"content_country","embeddable":true,"href":"https:\/\/www.albinfo.at\/fr\/wp-json\/wp\/v2\/content_country?post=874858"}],"curies":[{"name":"wp","href":"https:\/\/api.w.org\/{rel}","templated":true}]}}