{"id":874834,"date":"2025-11-14T18:52:22","date_gmt":"2025-11-14T17:52:22","guid":{"rendered":"https:\/\/www.albinfo.ch\/?p=874834"},"modified":"2025-11-14T22:47:52","modified_gmt":"2025-11-14T21:47:52","slug":"le-kosovo-se-dirige-vers-ljubljana-et-vise-une-victoire-contre-la-slovenie","status":"publish","type":"post","link":"https:\/\/www.albinfo.at\/fr\/le-kosovo-se-dirige-vers-ljubljana-et-vise-une-victoire-contre-la-slovenie\/","title":{"rendered":"Le Kosovo se dirige vers Ljubljana et vise une victoire contre la Slov\u00e9nie"},"content":{"rendered":"<p data-start=\"0\" data-end=\"394\">L\u2019\u00e9quipe nationale du Kosovo se rend aujourd\u2019hui \u00e0 Ljubljana pour le duel d\u00e9cisif de samedi contre la Slov\u00e9nie, dans le cadre des qualifications pour la Coupe du monde 2026. Le s\u00e9lectionneur Franco Foda continue de travailler intensivement avec son \u00e9quipe, en mettant l\u2019accent sur les aspects tactiques, les transitions et l\u2019organisation entre les lignes, rapporte albinfo.ch.<\/p>\n<p data-start=\"396\" data-end=\"701\">L\u2019atmosph\u00e8re dans le camp est positive et les joueurs sont en excellente condition physique. Les d\u00e9fenseurs M\u00ebrgim Vojvoda et Dion Gallapeni ont soulign\u00e9 que le Kosovo entre sur le terrain uniquement pour la victoire, en consid\u00e9rant ce match comme une occasion historique de se rapprocher du r\u00eave mondial.<\/p>\n<p data-start=\"703\" data-end=\"865\">Avant le d\u00e9part, l\u2019\u00e9quipe effectuera une derni\u00e8re s\u00e9ance d\u2019entra\u00eenement l\u00e9g\u00e8re afin d\u2019\u00eatre pr\u00e9par\u00e9e au maximum pour cette rencontre importante au stade \u201cSto\u017eice\u201d.<\/p>\n","protected":false},"excerpt":{"rendered":"<p>L\u2019\u00e9quipe nationale du Kosovo se rend aujourd\u2019hui \u00e0 Ljubljana pour le duel d\u00e9cisif de samedi contre la Slov\u00e9nie, dans le cadre des qualifications pour la Coupe du monde 2026. Le s\u00e9lectionneur Franco Foda continue de travailler intensivement avec son \u00e9quipe, en mettant l\u2019accent sur les aspects tactiques, les transitions et l\u2019organisation entre les lignes, rapporte [&hellip;]<\/p>\n","protected":false},"author":6,"featured_media":858848,"comment_status":"closed","ping_status":"closed","sticky":false,"template":"","format":"standard","meta":{"footnotes":""},"categories":[34927,24671,1169],"tags":[],"vendi":[],"content_country":[],"class_list":["post-874834","post","type-post","status-publish","format-standard","has-post-thumbnail","hentry","category-kosova-4","category-football","category-sport-fr"],"acf":[],"_links":{"self":[{"href":"https:\/\/www.albinfo.at\/fr\/wp-json\/wp\/v2\/posts\/874834","targetHints":{"allow":["GET"]}}],"collection":[{"href":"https:\/\/www.albinfo.at\/fr\/wp-json\/wp\/v2\/posts"}],"about":[{"href":"https:\/\/www.albinfo.at\/fr\/wp-json\/wp\/v2\/types\/post"}],"author":[{"embeddable":true,"href":"https:\/\/www.albinfo.at\/fr\/wp-json\/wp\/v2\/users\/6"}],"replies":[{"embeddable":true,"href":"https:\/\/www.albinfo.at\/fr\/wp-json\/wp\/v2\/comments?post=874834"}],"version-history":[{"count":1,"href":"https:\/\/www.albinfo.at\/fr\/wp-json\/wp\/v2\/posts\/874834\/revisions"}],"predecessor-version":[{"id":874835,"href":"https:\/\/www.albinfo.at\/fr\/wp-json\/wp\/v2\/posts\/874834\/revisions\/874835"}],"wp:featuredmedia":[{"embeddable":true,"href":"https:\/\/www.albinfo.at\/fr\/wp-json\/wp\/v2\/media\/858848"}],"wp:attachment":[{"href":"https:\/\/www.albinfo.at\/fr\/wp-json\/wp\/v2\/media?parent=874834"}],"wp:term":[{"taxonomy":"category","embeddable":true,"href":"https:\/\/www.albinfo.at\/fr\/wp-json\/wp\/v2\/categories?post=874834"},{"taxonomy":"post_tag","embeddable":true,"href":"https:\/\/www.albinfo.at\/fr\/wp-json\/wp\/v2\/tags?post=874834"},{"taxonomy":"vendi","embeddable":true,"href":"https:\/\/www.albinfo.at\/fr\/wp-json\/wp\/v2\/vendi?post=874834"},{"taxonomy":"content_country","embeddable":true,"href":"https:\/\/www.albinfo.at\/fr\/wp-json\/wp\/v2\/content_country?post=874834"}],"curies":[{"name":"wp","href":"https:\/\/api.w.org\/{rel}","templated":true}]}}